{"id":99278,"date":"2025-10-06T02:45:41","date_gmt":"2025-10-06T02:45:41","guid":{"rendered":"https:\/\/www.europesays.com\/pt\/99278\/"},"modified":"2025-10-06T02:45:41","modified_gmt":"2025-10-06T02:45:41","slug":"atriz-da-globo-desabafa-apos-receber-diagnostico-tragico-debilitada-portal-uai","status":"publish","type":"post","link":"https:\/\/www.europesays.com\/pt\/99278\/","title":{"rendered":"Atriz da Globo desabafa ap\u00f3s receber diagn\u00f3stico tr\u00e1gico: &#039;Debilitada&#039; &#8211; Portal Uai"},"content":{"rendered":"<ol>\n<li><a href=\"https:\/\/news.google.com\/rss\/articles\/CBMi6AFBVV95cUxOQU9CbEQ5LWVwQzBuRzlMSC1QemxieVVDejVfVUdvcTBLNFpRaHdrVHRvNVZBOUVITTZoN0FNb195a0tPbThaOXJuZTlqSEsteDFJZFFDdVpYc3h1Z25zV1pMZUlsR205Z0dFSTV0dG5kU1FwNm5DOEJhbFBseHdLNmV1MEp5ajhHTXhBY2EzWl9yaHZmM21sWUlxV3VtN3p3NlJQMmFvWlhoRHJsdjdla3ZTdkUtZWZjVFBna2xUNjNocnFaU0FydzJlVElLT3RmU054VktKU2tGVmpLcXV0M0ZqRXJjaUNH0gHoAUFVX3lxTE5waHFEUzJzR2FRXzh4anZlR0FZcUxaekIwMHJ5aERsTU52aG51RksyaVJ0WkZ0MzA1ck5WVHY2Tm9xWWVEcFlSUVVISjRPN1Q1N29Bb3lOS2MtLUNJMHhUQmtKWVNMeXRNbTVORWRPdTdhdGZMOTlNZE5nbHJ3RWdmREgwMVlvSldGNHdZZ2dhRFp3S0FsUmZxQ2EwSUlsOTMxWnZQNzlmd28tS0dTTVdEVVFXSHZJR2M3c2lKeHFqU0JERFZBOXhfSTRjdVRtVGxybk1mU2V4eGpvX08tOUR3MFNwemU1VVY?oc=5\" target=\"_blank\" rel=\"nofollow noopener\">Atriz da Globo desabafa ap\u00f3s receber diagn\u00f3stico tr\u00e1gico: &#8216;Debilitada&#8217;<\/a>&nbsp;&nbsp;Portal Uai<\/li>\n<li><a href=\"https:\/\/news.google.com\/rss\/articles\/CBMiwgFBVV95cUxNc0FWVjFtb2Z6Uk1BQVIxWExZTktuRFpfWXZESkl5NFUyUmU1aVItRzAtWWlvbkN2aXpiX21VTzVzMmJRLU96R3BaSi1UNGluQU5Id3RkMmEyTUxENDNxbXVGNlhYSEFyQlRoZFQ3dWt3R0paeTNmazBOSVdYUHRRUjJaRWZEYTE1dzdER1NwampHd1B6cVBWSGwxbTl6VEEyYnVXOUJ2NW9rcHlDVVRoaFl2MlcwVUdqSFZpZXgyb2toZw?oc=5\" target=\"_blank\" rel=\"nofollow noopener\">&#8216;Extremamente debilitada&#8217;: ex-Globo enfrenta problema de sa\u00fade h\u00e1 3 meses<\/a>&nbsp;&nbsp;UOL<\/li>\n<li><a href=\"https:\/\/news.google.com\/rss\/articles\/CBMinAJBVV95cUxQRzhLenRiMHhMZnFuUnM5MXlvUFVEMjFXSnlWMjhJM2NHbGlhU0F3UXVXQUlQMjdlOFlnMHpHQ1RpeVR1SExHd1o2UVVuak9QRkxsd0N6cFpxX0hjdUl2dEwySU1tUnpZa3h0TTRhT1dBYWNwdG9ZU01nN0JNSi1OQ3pvdkdSOXZEX1hnbksyYlZ0eENUUzlWOXE1U2N2bHpTR3U3am9RUXlOMEdRRmQwVGt5XzE0akRhdmFkZXA3Zk5wQ0lUNmVnVmlESHAtZzFXRnZUWUp1dWptS0xvNW5ySDFKYjhVTGtjWnVlVkhma2piQkVoOEdzRjhkMEFFYXlyRy1CR2RMOGZ5dXd6ZjBPcGJvb3Iwb3pvSE5NRQ?oc=5\" target=\"_blank\" rel=\"nofollow noopener\">Ex-atriz da Globo desabafa sobre problemas de sa\u00fade enfrentados h\u00e1 tr\u00eas meses: \u2018Minha vida parou\u2019<\/a>&nbsp;&nbsp;Terra<\/li>\n<li><a href=\"https:\/\/news.google.com\/rss\/articles\/CBMi4AJBVV95cUxOVnJORjJoanI0OUNWaTBGbEFfUmRPM3c0ZU1DQzZ6VnFkVDJrc0ltTVpiWTVJOUVZSmNQbldQdHFpOWFyaXRWLWt4VGg5UHF5X25pTVdNUnl4U1FDNUR5cUVGWWlEZTlkSXV6Z0VPWV80VFd0NEVld3VLYURadkd0SVMzTGdVMnNJVDRBSjM0NHlxSVJETHNUUE9VSGtxM1V6R2hsb0RITkVTYndrdlhyVHVWcmdKSWEzeTNZOV90VEVsR21YN21hYVpYb29LaVpzU1licVV6cHRyaXF5bVhnTENZNTJmRHphSFpQMjdPZnpLUHdQNmVRdU96WGg4VXptQ0ZIajQ0WHhfRkVOTl9ubGU5T0VDVEN3alhEa1h4Y3RKRUsyUHhsam9wZ1hSdEFpYUUyY0JUeGpVTDFRTEl4c3lDVjJhdmctbHkyUFJ3M2RoazgxQWVSS3Y2Nk9JNk5D?oc=5\" target=\"_blank\" rel=\"nofollow noopener\">Fernanda Machado relata batalha contra doen\u00e7a e momentos longe dos filhos: Tr\u00eas meses de sofrimento f\u00edsico e emocional<\/a>&nbsp;&nbsp;MSN<\/li>\n<li><a href=\"https:\/\/news.google.com\/rss\/articles\/CBMiwwFBVV95cUxPZWN4MC1rQk5vMHphU0l0eXJIaGlJX3RWVS1yMmRDXzhMSTl6Ymg1VXFSQU9xUlVaM2dJSzBwcnlITkJPbGQ1cS1SZ05YaXFQTy1LUWNZWUYwaWtFa0lsRFBQQkFWb1FvQ2FuNXpMNnhlR0J6NEJCNEVYUE9oNXEtT003bVZwNjc3Tl9kSDJCR1JkV0xMSWhNamxNWXJCUEZTeVBzQjNZWm5rUUVtZnVsbVlwODZLY016SFF6TUZ5Yi1xRmfSAdIBQVVfeXFMUGZ0QWNvVWlYNUg3Y2R0X1RDd3pjUnFHZk9RcWtJcUdSeFZna1lzU3VvTTVocjdubHhwUkhoUENnVFo3bHVFYTUwb0dMcG9Qaks1U0ZMQmRmWWFnbmdFTngwSnZ4T3RjX1V2cmZJeFMxNHBYeGV4UFBSNlNyOGVZNTFLM09sVDN1dVFYVV9zYkZ6d0RKOGtrZTgtZGxBZS12WW1EamllbG0yYm5Ga1hTdHAxVGhId3RJVV8zOU4wUS1FT0t3VDhzMkpZNWt0amhIaVJn?oc=5\" target=\"_blank\" rel=\"nofollow noopener\">Fernanda Machado desabafa sobre sa\u00fade: &#8216;H\u00e1 tr\u00eas meses, minha vida parou&#8217;<\/a>&nbsp;&nbsp;Globo<\/li>\n<\/ol>\n","protected":false},"excerpt":{"rendered":"Atriz da Globo desabafa ap\u00f3s receber diagn\u00f3stico tr\u00e1gico: &#8216;Debilitada&#8217;&nbsp;&nbsp;Portal Uai &#8216;Extremamente debilitada&#8217;: ex-Globo enfrenta problema de sa\u00fade h\u00e1&hellip;\n","protected":false},"author":2,"featured_media":99279,"comment_status":"","ping_status":"","sticky":false,"template":"","format":"standard","meta":{"footnotes":""},"categories":[145],"tags":[211,210,114,115,32,33],"class_list":{"0":"post-99278","1":"post","2":"type-post","3":"status-publish","4":"format-standard","5":"has-post-thumbnail","7":"category-celebridades","8":"tag-celebridades","9":"tag-celebrities","10":"tag-entertainment","11":"tag-entretenimento","12":"tag-portugal","13":"tag-pt"},"share_on_mastodon":{"url":"","error":""},"_links":{"self":[{"href":"https:\/\/www.europesays.com\/pt\/wp-json\/wp\/v2\/posts\/99278","targetHints":{"allow":["GET"]}}],"collection":[{"href":"https:\/\/www.europesays.com\/pt\/wp-json\/wp\/v2\/posts"}],"about":[{"href":"https:\/\/www.europesays.com\/pt\/wp-json\/wp\/v2\/types\/post"}],"author":[{"embeddable":true,"href":"https:\/\/www.europesays.com\/pt\/wp-json\/wp\/v2\/users\/2"}],"replies":[{"embeddable":true,"href":"https:\/\/www.europesays.com\/pt\/wp-json\/wp\/v2\/comments?post=99278"}],"version-history":[{"count":0,"href":"https:\/\/www.europesays.com\/pt\/wp-json\/wp\/v2\/posts\/99278\/revisions"}],"wp:featuredmedia":[{"embeddable":true,"href":"https:\/\/www.europesays.com\/pt\/wp-json\/wp\/v2\/media\/99279"}],"wp:attachment":[{"href":"https:\/\/www.europesays.com\/pt\/wp-json\/wp\/v2\/media?parent=99278"}],"wp:term":[{"taxonomy":"category","embeddable":true,"href":"https:\/\/www.europesays.com\/pt\/wp-json\/wp\/v2\/categories?post=99278"},{"taxonomy":"post_tag","embeddable":true,"href":"https:\/\/www.europesays.com\/pt\/wp-json\/wp\/v2\/tags?post=99278"}],"curies":[{"name":"wp","href":"https:\/\/api.w.org\/{rel}","templated":true}]}}