{"id":99317,"date":"2025-10-06T04:37:08","date_gmt":"2025-10-06T04:37:08","guid":{"rendered":"https:\/\/www.europesays.com\/pt\/99317\/"},"modified":"2025-10-06T04:37:08","modified_gmt":"2025-10-06T04:37:08","slug":"benfica-emite-comunicado-apos-o-classico-e-vai-apresentar-queixa-a-liga-portugal","status":"publish","type":"post","link":"https:\/\/www.europesays.com\/pt\/99317\/","title":{"rendered":"Benfica emite comunicado ap\u00f3s o Cl\u00e1ssico e vai apresentar queixa \u00e0 Liga Portugal"},"content":{"rendered":"<p><strong>O Benfica vai apresentar queixa junto da Liga Portugal. Em causa a entrada de v\u00e1rios apoiantes do clube da Luz j\u00e1 perto do intervalo do Cl\u00e1ssico.<\/strong><\/p>\n<p>O Benfica emitiu um comunicado <a href=\"https:\/\/bolanarede.pt\/especial-bola-na-rede\/atualidade\/fc-porto-e-benfica-nao-passam-do-nulo-no-regresso-de-jose-mourinho-ao-dragao\/\" target=\"_blank\" rel=\"noreferrer noopener nofollow\">ap\u00f3s o Cl\u00e1ssico frente ao FC Porto<\/a>. Os encarnados agradeceram o apoio dos adeptos na partida e deixaram cr\u00edticas para a organiza\u00e7\u00e3o devido ao facto de que muitos apoiantes das \u00e1guias apenas conseguiram entrar no Est\u00e1dio do Drag\u00e3o j\u00e1 perto do intervalo.<\/p>\n<p>Devido a esta situa\u00e7\u00e3o, o Benfica garantiu que vai apresentar queixa junto da Liga Portugal para apurar responsabilidades.<\/p>\n<p><strong>Eis o comunicado do Benfica:<\/strong><\/p>\n<p>\u00abO Sport Lisboa e Benfica agradece aos seus adeptos o apoio incondicional demonstrado ao longo de toda a partida no Est\u00e1dio do Drag\u00e3o e lamenta profundamente que muitos apenas tenham conseguido aceder ao lugar pelo qual pagaram quando a 1.\u00aa parte j\u00e1 se encontrava praticamente conclu\u00edda. Uma Liga que se pretende de refer\u00eancia n\u00e3o pode permitir que ocorram falhas desta natureza, sobretudo quando afetam quem mais contribui para a sua grandeza e espetacularidade: os adeptos. O Sport Lisboa e Benfica ir\u00e1 formalizar uma queixa junto da Liga Portugal e exigir responsabilidades por este inaceit\u00e1vel mau servi\u00e7o prestado aos seus adeptos\u00bb, escreveu o Benfica em comunicado.<\/p>\n","protected":false},"excerpt":{"rendered":"O Benfica vai apresentar queixa junto da Liga Portugal. Em causa a entrada de v\u00e1rios apoiantes do clube&hellip;\n","protected":false},"author":2,"featured_media":99318,"comment_status":"","ping_status":"","sticky":false,"template":"","format":"standard","meta":{"footnotes":""},"categories":[8],"tags":[260,51,27,28,478,282,15,16,14,25,26,21,22,12,13,19,20,32,479,23,24,33,17,18,29,30,31],"class_list":{"0":"post-99317","1":"post","2":"type-post","3":"status-publish","4":"format-standard","5":"has-post-thumbnail","7":"category-principais-noticias","8":"tag-atualidade","9":"tag-benfica","10":"tag-breaking-news","11":"tag-breakingnews","12":"tag-destaques-bnr","13":"tag-fc-porto","14":"tag-featured-news","15":"tag-featurednews","16":"tag-headlines","17":"tag-latest-news","18":"tag-latestnews","19":"tag-main-news","20":"tag-mainnews","21":"tag-news","22":"tag-noticias","23":"tag-noticias-principais","24":"tag-noticiasprincipais","25":"tag-portugal","26":"tag-primeira-liga","27":"tag-principais-noticias","28":"tag-principaisnoticias","29":"tag-pt","30":"tag-top-stories","31":"tag-topstories","32":"tag-ultimas","33":"tag-ultimas-noticias","34":"tag-ultimasnoticias"},"share_on_mastodon":{"url":"","error":""},"_links":{"self":[{"href":"https:\/\/www.europesays.com\/pt\/wp-json\/wp\/v2\/posts\/99317","targetHints":{"allow":["GET"]}}],"collection":[{"href":"https:\/\/www.europesays.com\/pt\/wp-json\/wp\/v2\/posts"}],"about":[{"href":"https:\/\/www.europesays.com\/pt\/wp-json\/wp\/v2\/types\/post"}],"author":[{"embeddable":true,"href":"https:\/\/www.europesays.com\/pt\/wp-json\/wp\/v2\/users\/2"}],"replies":[{"embeddable":true,"href":"https:\/\/www.europesays.com\/pt\/wp-json\/wp\/v2\/comments?post=99317"}],"version-history":[{"count":0,"href":"https:\/\/www.europesays.com\/pt\/wp-json\/wp\/v2\/posts\/99317\/revisions"}],"wp:featuredmedia":[{"embeddable":true,"href":"https:\/\/www.europesays.com\/pt\/wp-json\/wp\/v2\/media\/99318"}],"wp:attachment":[{"href":"https:\/\/www.europesays.com\/pt\/wp-json\/wp\/v2\/media?parent=99317"}],"wp:term":[{"taxonomy":"category","embeddable":true,"href":"https:\/\/www.europesays.com\/pt\/wp-json\/wp\/v2\/categories?post=99317"},{"taxonomy":"post_tag","embeddable":true,"href":"https:\/\/www.europesays.com\/pt\/wp-json\/wp\/v2\/tags?post=99317"}],"curies":[{"name":"wp","href":"https:\/\/api.w.org\/{rel}","templated":true}]}}