{"id":99325,"date":"2025-10-06T04:51:44","date_gmt":"2025-10-06T04:51:44","guid":{"rendered":"https:\/\/www.europesays.com\/pt\/99325\/"},"modified":"2025-10-06T04:51:44","modified_gmt":"2025-10-06T04:51:44","slug":"ferro-rodrigues-considera-incompreensivel-silencio-de-aguiar-branco-sobre-portugueses-detidos","status":"publish","type":"post","link":"https:\/\/www.europesays.com\/pt\/99325\/","title":{"rendered":"Ferro Rodrigues considera &#8220;incompreens\u00edvel&#8221; sil\u00eancio de Aguiar-Branco sobre portugueses detidos"},"content":{"rendered":"<p>O socialista Eduardo Ferro Rodrigues considera &#8220;incompreens\u00edvel&#8221; o sil\u00eancio do atual presidente do Parlamento, <a href=\"https:\/\/expresso.pt\/politica\/parlamento\/2024-12-26-aguiar-branco-e-o-chega-ate-hoje-sinto-que-exerco-o-controlo-necessario-para-que-o-debate-democratico-se-faca-b05714ee\" target=\"_blank\" rel=\"noopener noreferrer nofollow\">Jos\u00e9 Pedro Aguiar-Branco<\/a>, sobre os ativistas portugueses detidos em Israel e &#8220;irrespons\u00e1vel&#8221; a acusa\u00e7\u00e3o do ministro da Defesa de que estes s\u00e3o apoiantes de terroristas.<\/p>\n<p>&#8220;\u00c9 <strong>incompreens\u00edvel <\/strong>o sil\u00eancio do atual Presidente da Assembleia da Rep\u00fablica (PAR) perante a situa\u00e7\u00e3o em que est\u00e3o os cidad\u00e3os nacionais, nomeadamente uma <a href=\"https:\/\/expresso.pt\/internacional\/medio-oriente\/guerra-israel-hamas\/2025-10-03-mariana-mortagua-envia-mensagem-a-familia-mae-estou-bem-mas-nao-nos-trataram-bem-6e01c113\" target=\"_blank\" rel=\"noopener noreferrer nofollow\">deputada eleita<\/a> pelos portugueses&#8221;, referiu Ferro Rodrigues numa declara\u00e7\u00e3o enviada a v\u00e1rios \u00f3rg\u00e3os de comunica\u00e7\u00e3o social.<\/p>\n<p>Mariana Mort\u00e1gua, a bordo de um dos navios da flotilha<\/p>\n<p class=\"category\"><a href=\"https:\/\/expresso.pt\/internacional\/medio-oriente\/guerra-israel-hamas\" rel=\"nofollow noopener\" target=\"_blank\">Guerra no M\u00e9dio Oriente<\/a><\/p>\n<p class=\"follow-link\"><a href=\"https:\/\/expresso.pt\/internacional\/medio-oriente\/guerra-israel-hamas\/2025-10-03-os-quatro-ativistas-portugueses-detidos-em-israel-aceitaram-ser-deportados-imediatamente-embaixadora-portuguesa-apresentou-protesto-formal-9a35c2f2\" rel=\"canonical nofollow noopener\" target=\"_blank\">Leia tamb\u00e9m<\/a><\/p>\n<p style=\"text-align: start;\">Na quinta-feira, o presidente da Assembleia da Rep\u00fablica afirmou esperar que seja assegurado aos portugueses, que se dirigiam \u00e0 <a href=\"https:\/\/expresso.pt\/internacional\/medio-oriente\/guerra-israel-hamas\" target=\"_blank\" rel=\"noopener noreferrer nofollow\">Faixa e Gaza<\/a> e foram detidos por Israel, acesso aos servi\u00e7os consulares e uma deporta\u00e7\u00e3o concretizada com celeridade. \u201cO que se exige \u00e9 que o processo decorra com bom senso. Que seja assegurado aos cidad\u00e3os portugueses o acesso aos servi\u00e7os consulares, garantidos pelo Governo, e que a deporta\u00e7\u00e3o se fa\u00e7a com celeridade\u201d, declarou Aguiar-Branco \u00e0 ag\u00eancia Lusa, n\u00e3o se lhe conhecendo outra declara\u00e7\u00e3o sobre este caso.<\/p>\n<p>A coordenadora do Bloco de Esquerda, Mariana Mort\u00e1gua, a atriz Sofia Apar\u00edcio e os ativistas Miguel Duarte e Diogo Chaves est\u00e3o entre os mais de 450 participantes da miss\u00e3o humanit\u00e1ria detidos pelas for\u00e7as israelitas, que intercetaram entre quarta e quinta-feira as cerca de 50 embarca\u00e7\u00f5es que integravam a flotilha.<\/p>\n<p>Na mesma declara\u00e7\u00e3o, o antigo presidente da Assembleia da Rep\u00fablica defendeu &#8220;<strong>uma a\u00e7\u00e3o eficaz para imediata liberta\u00e7\u00e3o e repatriamento dos detidos<\/strong>&#8220;, exigindo-se do Governo portugu\u00eas e da Uni\u00e3o Europeia &#8220;um protesto formal junto de Israel&#8221; pela forma como est\u00e3o a ser tratados.<\/p>\n<p>A deputada Mariana Mort\u00e1gua enviou, atrav\u00e9s da representa\u00e7\u00e3o diplom\u00e1tica portuguesa em Israel, uma <a href=\"https:\/\/expresso.pt\/internacional\/medio-oriente\/guerra-israel-hamas\/2025-10-03-mariana-mortagua-envia-mensagem-a-familia-mae-estou-bem-mas-nao-nos-trataram-bem-6e01c113\" target=\"_blank\" rel=\"noopener noreferrer nofollow\">mensagem<\/a> \u00e0 fam\u00edlia, na qual se queixa de que foram mantidos sem comida e sem \u00e1gua e que est\u00e3o a ser maltratados, o que motivou um protesto do Governo portugu\u00eas junto do embaixador israelita em Lisboa.<\/p>\n<p>Ferro Rodrigues afirmou sentir-se tranquilizado ao ouvir o ministro dos Neg\u00f3cios Estrangeiros, Paulo Rangel, garantir que o Governo tudo iria fazer para que os portugueses fossem libertados e repatriados o mais depressa poss\u00edvel, mas criticou o ministro da Defesa, Nuno Melo, por ter acusado os ativistas de serem apoiantes de terroristas.<\/p>\n<p>&#8220;<strong>A <\/strong><a href=\"https:\/\/expresso.pt\/internacional\/medio-oriente\/guerra-israel-hamas\/2025-10-02-ministro-da-defesa-condena-participacao-de-portugueses-em-flotilha-9a0d5f8b\" target=\"_blank\" rel=\"noopener noreferrer nofollow\"><strong>acusa\u00e7\u00e3o de Nuno Melo<\/strong><\/a><strong>, de enorme gravidade e irresponsabilidade, parece ignorar o perigo que os ativistas correm<\/strong> &#8211; e que foi bem ilustrado pelo tratamento degradante que o ministro da Seguran\u00e7a Nacional de Israel, Ben-Gvir, lhes deu, filmando-os <a href=\"\" target=\"_blank\" rel=\"noopener noreferrer\">ajoelhados e chamando-lhes terroristas<\/a> e apoiantes de assassinos&#8221;, disse.<\/p>\n<p>Ferro Rodrigues lembrou que <a href=\"https:\/\/expresso.pt\/internacional\/2022-11-03-Israel-perfil-de-Itamar-Ben-Gvir-o-extremista-que-devolveu-o-poder-a-Netanyahu-e347fb97\" target=\"_blank\" rel=\"noopener noreferrer nofollow\">Ben-Gvir<\/a> tem a tutela do sistema prisional israelita, sustentando que &#8220;a forma como tratou aqueles que neste momento s\u00e3o, ilegalmente, prisioneiros de Israel deve fazer-nos temer pelo que pode suceder&#8221;.<\/p>\n<p>Os quatro portugueses aceitaram ser deportados de forma volunt\u00e1ria e de imediato e foram informados que as autoridades israelitas os colocar\u00e3o &#8220;nos primeiros voos dispon\u00edveis destinados \u00e0 Europa&#8221;.<\/p>\n<p>Israel procedeu este s\u00e1bado \u00e0 deporta\u00e7\u00e3o de 137 ativistas pr\u00f3-palestinianos da Flotilha Global Sumud para a Turquia.<\/p>\n<p>De acordo com o Governo israelita, trata-se de cidad\u00e3os dos Estados Unidos, It\u00e1lia, Reino Unido, Su\u00ed\u00e7a, Jord\u00e2nia, Emirados \u00c1rabes Unidos, Arg\u00e9lia, Marrocos, Kuwait, L\u00edbia, Mal\u00e1sia, Maurit\u00e2nia e Tun\u00edsia.<\/p>\n<p>O Minist\u00e9rio dos Neg\u00f3cios Estrangeiros portugu\u00eas, contactado este s\u00e1bado pela Lusa, disse que ainda n\u00e3o tem data nem hora previstas para o regresso dos quatro portugueses, participantes na flotilha.<\/p>\n<p>A equipa jur\u00eddica da <a href=\"https:\/\/globalsumudflotilla.org\/\" target=\"_blank\" rel=\"noopener noreferrer nofollow\">Flotilha Global Sumud <\/a>em Israel, por seu lado, disse este s\u00e1bado que se reuniu com 80 participantes, de um total de mais de 400 detidos, adiantando que tinham sido realizadas 200 audi\u00eancias judiciais, entre quinta e sexta-feira, &#8220;sem aviso pr\u00e9vio aos advogados&#8221; e, por isso, &#8220;sem a assist\u00eancia da ONG Adalah, respons\u00e1vel pela defesa&#8221;.<\/p>\n","protected":false},"excerpt":{"rendered":"O socialista Eduardo Ferro Rodrigues considera &#8220;incompreens\u00edvel&#8221; o sil\u00eancio do atual presidente do Parlamento, Jos\u00e9 Pedro Aguiar-Branco, sobre&hellip;\n","protected":false},"author":2,"featured_media":99326,"comment_status":"","ping_status":"","sticky":false,"template":"","format":"standard","meta":{"footnotes":""},"categories":[8],"tags":[27,28,15,16,14,25,26,21,22,12,13,19,20,32,23,24,33,17,18,29,30,31],"class_list":{"0":"post-99325","1":"post","2":"type-post","3":"status-publish","4":"format-standard","5":"has-post-thumbnail","7":"category-principais-noticias","8":"tag-breaking-news","9":"tag-breakingnews","10":"tag-featured-news","11":"tag-featurednews","12":"tag-headlines","13":"tag-latest-news","14":"tag-latestnews","15":"tag-main-news","16":"tag-mainnews","17":"tag-news","18":"tag-noticias","19":"tag-noticias-principais","20":"tag-noticiasprincipais","21":"tag-portugal","22":"tag-principais-noticias","23":"tag-principaisnoticias","24":"tag-pt","25":"tag-top-stories","26":"tag-topstories","27":"tag-ultimas","28":"tag-ultimas-noticias","29":"tag-ultimasnoticias"},"share_on_mastodon":{"url":"","error":""},"_links":{"self":[{"href":"https:\/\/www.europesays.com\/pt\/wp-json\/wp\/v2\/posts\/99325","targetHints":{"allow":["GET"]}}],"collection":[{"href":"https:\/\/www.europesays.com\/pt\/wp-json\/wp\/v2\/posts"}],"about":[{"href":"https:\/\/www.europesays.com\/pt\/wp-json\/wp\/v2\/types\/post"}],"author":[{"embeddable":true,"href":"https:\/\/www.europesays.com\/pt\/wp-json\/wp\/v2\/users\/2"}],"replies":[{"embeddable":true,"href":"https:\/\/www.europesays.com\/pt\/wp-json\/wp\/v2\/comments?post=99325"}],"version-history":[{"count":0,"href":"https:\/\/www.europesays.com\/pt\/wp-json\/wp\/v2\/posts\/99325\/revisions"}],"wp:featuredmedia":[{"embeddable":true,"href":"https:\/\/www.europesays.com\/pt\/wp-json\/wp\/v2\/media\/99326"}],"wp:attachment":[{"href":"https:\/\/www.europesays.com\/pt\/wp-json\/wp\/v2\/media?parent=99325"}],"wp:term":[{"taxonomy":"category","embeddable":true,"href":"https:\/\/www.europesays.com\/pt\/wp-json\/wp\/v2\/categories?post=99325"},{"taxonomy":"post_tag","embeddable":true,"href":"https:\/\/www.europesays.com\/pt\/wp-json\/wp\/v2\/tags?post=99325"}],"curies":[{"name":"wp","href":"https:\/\/api.w.org\/{rel}","templated":true}]}}