{"id":99353,"date":"2025-10-06T06:02:07","date_gmt":"2025-10-06T06:02:07","guid":{"rendered":"https:\/\/www.europesays.com\/pt\/99353\/"},"modified":"2025-10-06T06:02:07","modified_gmt":"2025-10-06T06:02:07","slug":"apos-detencao-em-israel-mariana-mortagua-e-recebida-por-centenas-em-lisboa-com-euforia-e-mensagens-de-apoio","status":"publish","type":"post","link":"https:\/\/www.europesays.com\/pt\/99353\/","title":{"rendered":"Ap\u00f3s deten\u00e7\u00e3o em Israel, Mariana Mort\u00e1gua \u00e9 recebida por centenas em Lisboa com euforia e mensagens de apoio"},"content":{"rendered":"\n<p>Mariana Mort\u00e1gua come\u00e7ou por dizer que, ao sa\u00edrem da pris\u00e3o israelita, <strong>&#8220;n\u00e3o sabia o que se passava no mundo&#8221;, porque ficaram &#8220;incontact\u00e1veis&#8221;.<\/strong> Ao mesmo tempo, disse que foi uma &#8220;emo\u00e7\u00e3o&#8221; a mobiliza\u00e7\u00e3o em torno da flotilha huminat\u00e1ria e que sente &#8220;orgulho do povo portugu\u00eas que se mobilizou&#8221;.<\/p>\n<p>A deputada denunciou situa\u00e7\u00f5es de <strong>&#8220;ver camaradas a serem espancados e levados&#8221;, de &#8220;v\u00e1rias horas algemadas, de sermos provocados pelo ministro israelita&#8221; e ficarem em &#8220;jaulas&#8221;.<\/strong> Mariana tamb\u00e9m referiu que &#8220;valeu a pena&#8221; o que passaram. &#8220;Por muito que tenha sido dif\u00edcil para n\u00f3s e foi, e por muito que tenha havido abusos e houve muitos, isso deu-nos uma ideia do grau de impunidade das for\u00e7as israelitas contra palestinianos, \u00e9 claro que valeu a pena&#8221;, respondeu aos jornalistas.<\/p>\n<p>Miguel Duarte, outro dos detidos, afirmou que passaram &#8220;fome e sede&#8221;, al\u00e9m de &#8220;algemados, vendados e postos dentro de autocarros pris\u00e3o&#8221;. Sobre as celas, informou que estavam &#8220;absolutamente sobrelotadas&#8221;. Tamb\u00e9m denunciou que &#8220;alguns camaradas com diabetes ficaram tr\u00eas dias sem receber insulina&#8221;.<\/p>\n<p>Ao mesmo tempo, Mariana Mort\u00e1gua rejeitou o t\u00edtulo de her\u00f3is. &#8220;N\u00f3s n\u00e3o somos her\u00f3is. N\u00f3s somos pessoas que est\u00e3o a fazer aquilo que os outros n\u00e3o est\u00e3o a fazer, isto n\u00e3o \u00e9 sobre n\u00f3s&#8221;, referiu. A respeito de como foram assistidos pelo Governo portugu\u00eas, destacou que &#8220;n\u00e3o h\u00e1 nenhuma cr\u00edtica&#8221; ao apoio consular, mas sim &#8220;ao Governo portugu\u00eas que n\u00e3o aplica san\u00e7\u00f5es a Israel e que permite avi\u00f5es militares que passaram no territ\u00f3rio portugu\u00eas&#8221;, <strong><a aria-label=\"content\" target=\"_blank\" href=\"https:\/\/www.dn.pt\/pol%C3%ADtica\/mne-assume-falhas-na-paragem-nas-lajes-de-caas-dos-eua-para-entrega-a-israel-e-vai-apurar-responsabilidades\" rel=\"nofollow noopener\">em refer\u00eancia aos F-25 americanos que passaram pela base das Lajes na semana passada<\/a>.<\/strong><\/p>\n","protected":false},"excerpt":{"rendered":"Mariana Mort\u00e1gua come\u00e7ou por dizer que, ao sa\u00edrem da pris\u00e3o israelita, &#8220;n\u00e3o sabia o que se passava no&hellip;\n","protected":false},"author":2,"featured_media":99354,"comment_status":"","ping_status":"","sticky":false,"template":"","format":"standard","meta":{"footnotes":""},"categories":[8],"tags":[946,27,28,15,16,532,14,25,26,21,22,12,13,19,20,52,32,23,24,33,17,18,29,30,31],"class_list":{"0":"post-99353","1":"post","2":"type-post","3":"status-publish","4":"format-standard","5":"has-post-thumbnail","7":"category-principais-noticias","8":"tag-ajuda-humanitaria","9":"tag-breaking-news","10":"tag-breakingnews","11":"tag-featured-news","12":"tag-featurednews","13":"tag-gaza","14":"tag-headlines","15":"tag-latest-news","16":"tag-latestnews","17":"tag-main-news","18":"tag-mainnews","19":"tag-news","20":"tag-noticias","21":"tag-noticias-principais","22":"tag-noticiasprincipais","23":"tag-politica","24":"tag-portugal","25":"tag-principais-noticias","26":"tag-principaisnoticias","27":"tag-pt","28":"tag-top-stories","29":"tag-topstories","30":"tag-ultimas","31":"tag-ultimas-noticias","32":"tag-ultimasnoticias"},"share_on_mastodon":{"url":"","error":""},"_links":{"self":[{"href":"https:\/\/www.europesays.com\/pt\/wp-json\/wp\/v2\/posts\/99353","targetHints":{"allow":["GET"]}}],"collection":[{"href":"https:\/\/www.europesays.com\/pt\/wp-json\/wp\/v2\/posts"}],"about":[{"href":"https:\/\/www.europesays.com\/pt\/wp-json\/wp\/v2\/types\/post"}],"author":[{"embeddable":true,"href":"https:\/\/www.europesays.com\/pt\/wp-json\/wp\/v2\/users\/2"}],"replies":[{"embeddable":true,"href":"https:\/\/www.europesays.com\/pt\/wp-json\/wp\/v2\/comments?post=99353"}],"version-history":[{"count":0,"href":"https:\/\/www.europesays.com\/pt\/wp-json\/wp\/v2\/posts\/99353\/revisions"}],"wp:featuredmedia":[{"embeddable":true,"href":"https:\/\/www.europesays.com\/pt\/wp-json\/wp\/v2\/media\/99354"}],"wp:attachment":[{"href":"https:\/\/www.europesays.com\/pt\/wp-json\/wp\/v2\/media?parent=99353"}],"wp:term":[{"taxonomy":"category","embeddable":true,"href":"https:\/\/www.europesays.com\/pt\/wp-json\/wp\/v2\/categories?post=99353"},{"taxonomy":"post_tag","embeddable":true,"href":"https:\/\/www.europesays.com\/pt\/wp-json\/wp\/v2\/tags?post=99353"}],"curies":[{"name":"wp","href":"https:\/\/api.w.org\/{rel}","templated":true}]}}