{"id":99363,"date":"2025-10-06T06:40:14","date_gmt":"2025-10-06T06:40:14","guid":{"rendered":"https:\/\/www.europesays.com\/pt\/99363\/"},"modified":"2025-10-06T06:40:14","modified_gmt":"2025-10-06T06:40:14","slug":"cientistas-acabam-de-recriar-um-incendio-florestal-que-criou-a-sua-propria-trovoada","status":"publish","type":"post","link":"https:\/\/www.europesays.com\/pt\/99363\/","title":{"rendered":"Cientistas acabam de recriar um inc\u00eandio florestal que criou a sua pr\u00f3pria trovoada"},"content":{"rendered":"<p> <img decoding=\"async\" fetchpriority=\"high\" src=\"https:\/\/www.europesays.com\/pt\/wp-content\/uploads\/2025\/10\/cientistas-acabam-de-recriar-um-incendio-florestal-que-criou-a-sua-propria-trovoada-1759594166029_10.jpeg\"  width=\"768\" height=\"432\" alt=\"pirocumulonimbus inc\u00eandio florestal trovoada\" title=\"pirocumulonimbus inc\u00eandio florestal trovoada\" data-image=\"rgvivmkfe699\"\/>Este estudo descreve a primeira simula\u00e7\u00e3o bem sucedida destas trovoadas induzidas por inc\u00eandios florestais, conhecidas como nuvens pirocumulonimbus, num modelo do sistema terrestre.   <img decoding=\"async\" fetchpriority=\"high\" src=\"https:\/\/www.europesays.com\/pt\/wp-content\/uploads\/2025\/10\/alfredo-graca.jpg\" alt=\"Alfredo Gra\u00e7a\" width=\"40\" height=\"40\"\/>    <a class=\"nombre text-hv\" href=\"https:\/\/www.tempo.pt\/autor\/alfredo-graca\/\" title=\"Alfredo Gra\u00e7a\" rel=\"nofollow noopener\" target=\"_blank\">Alfredo Gra\u00e7a<\/a>        06\/10\/2025 07:03   5 min   <\/p>\n<p><strong>Em 5 de setembro de 2020, o inc\u00eandio de Creek, na Calif\u00f3rnia, tornou-se t\u00e3o grave que come\u00e7ou a produzir o seu pr\u00f3prio sistema meteorol\u00f3gico<\/strong>. O calor extremo do inc\u00eandio produziu uma trovoada explosiva que lan\u00e7ou rel\u00e2mpagos e alimentou ainda mais as chamas, tornando a conten\u00e7\u00e3o dif\u00edcil e pondo em perigo a vida dos bombeiros no terreno.<\/p>\n<p><strong>\u201cEste trabalho \u00e9 um avan\u00e7o in\u00e9dito na modela\u00e7\u00e3o do sistema terrestre\u201d<\/strong>, disse Ke. <strong>\u201cN\u00e3o s\u00f3 demonstra como os eventos extremos de inc\u00eandios florestais podem ser estudados nos modelos do sistema terrestre, como tamb\u00e9m estabelece a crescente capacidade do Desert Research Institute no desenvolvimento de modelos do sistema terrestre &#8211; uma for\u00e7a fundamental que posiciona o instituto para liderar os futuros avan\u00e7os na ci\u00eancia do clima e dos inc\u00eandios florestais\u201d.<\/strong><\/p>\n<p>Estas tempestades provocadas por inc\u00eandios florestais tornaram-se uma parte crescente das \u00e9pocas de inc\u00eandios em todo o Oeste, com impactos duradouros na qualidade do ar, no tempo e no clima. At\u00e9 agora, os cientistas t\u00eam-se esfor\u00e7ado por reproduzi-las nos modelos do sistema terrestre, o que dificulta a nossa capacidade de prever a sua ocorr\u00eancia e compreender os seus impactos no clima global. Agora, <strong>um novo estudo proporciona um avan\u00e7o ao desenvolver uma nova estrutura de modela\u00e7\u00e3o do sistema terrestre para inc\u00eandios florestais<\/strong>.<\/p>\n<p>O que acontece quando uma nuvem pirocumulonimbus se forma?<\/p>\n<p><strong>Quando uma nuvem pirocumulonimbus se forma, injeta fumo e humidade na atmosfera superior <\/strong>em magnitudes compar\u00e1veis \u00e0s de pequenas erup\u00e7\u00f5es vulc\u00e2nicas, afetando a forma como a atmosfera da Terra recebe e reflete a luz solar.<\/p>\n<p><strong>Estes aeross\u00f3is de inc\u00eandios podem persistir durante meses ou mais, alterando a composi\u00e7\u00e3o da estratosfera<\/strong>. Quando transportados para as regi\u00f5es polares, afetam a din\u00e2mica do ozono ant\u00e1rtico, modificam as nuvens e o albedo e aceleram o derretimento do gelo e da neve, reformulando as rea\u00e7\u00f5es clim\u00e1ticas polares.<\/p>\n<p><img loading=\"lazy\" decoding=\"async\" fetchpriority=\"low\" class=\"lazy \" src=\"https:\/\/www.europesays.com\/pt\/wp-content\/uploads\/2025\/10\/cientistas-acabam-de-recriar-um-incendio-florestal-que-criou-a-sua-propria-trovoada-1759594204455_10.jpeg\"  width=\"768\" height=\"432\" data-image=\"5082jafvwlu0\"\/>A subida de ar quente e o fumo gerado pelos grandes inc\u00eandios florestais culmina na forma\u00e7\u00e3o de nuvens de desenvolvimento vertical conhecidas como piroc\u00famulos e tamb\u00e9m flammagenitus, de acordo com a nomenclatura oficial.<\/p>\n<p>Os cientistas estimam que<strong> todos os anos ocorrem dezenas a centenas destas tempestades a n\u00edvel mundial<\/strong> e que a tend\u00eancia para inc\u00eandios florestais cada vez mais graves s\u00f3 far\u00e1 aumentar o seu n\u00famero.<\/p>\n<p>At\u00e9 agora,<strong> a n\u00e3o incorpora\u00e7\u00e3o destas tempestades nos modelos do sistema terrestre<\/strong> <strong>tem dificultado a nossa capacidade de compreender<\/strong> o impacto desta perturba\u00e7\u00e3o natural no clima global.<\/p>\n<p>Avan\u00e7o na modela\u00e7\u00e3o de alta resolu\u00e7\u00e3o de riscos extremos<\/p>\n<p>\u201cA nossa equipa desenvolveu uma nova estrutura de modela\u00e7\u00e3o do sistema Terra-fogo florestal que integra <strong>emiss\u00f5es de alta resolu\u00e7\u00e3o de inc\u00eandios florestais, um modelo unidimensional de subida da pluma e o transporte de vapor de \u00e1gua<\/strong> induzido pelo fogo no modelo de ponta do sistema terrestre do DOE\u201d, disse Ke.<\/p>\n<p><a class=\"imagen \" href=\"https:\/\/www.tempo.pt\/noticias\/ciencia\/o-que-sao-os-pirocumulos-ou-as-nuvens-flammagenitus-grandes-incendios.html\" title=\"O que s\u00e3o os piroc\u00famulos ou as nuvens flammagenitus?\" rel=\"nofollow noopener\" target=\"_blank\"><img loading=\"lazy\" decoding=\"async\" fetchpriority=\"low\" class=\"lazy img-body non-editable\" src=\"https:\/\/www.europesays.com\/pt\/wp-content\/uploads\/2025\/10\/pirocumulos-flammagenitus-nuvens-de-grandes-incendios-303251-2_320.jpg\"  width=\"320\" height=\"225\" alt=\"O que s\u00e3o os piroc\u00famulos ou as nuvens flammagenitus?\"\/><\/a><\/p>\n<p>\u201cEsta descoberta faz<strong> avan\u00e7ar a modela\u00e7\u00e3o de alta resolu\u00e7\u00e3o de riscos extremos para melhorar a resili\u00eancia e a prepara\u00e7\u00e3o nacionais<\/strong>, e fornece a estrutura para a explora\u00e7\u00e3o futura destas tempestades a escalas regionais e globais nos modelos do sistema terrestre.\u201d<\/p>\n<p>A equipa de investiga\u00e7\u00e3o tamb\u00e9m incluiu cientistas do <strong>Laborat\u00f3rio Nacional Lawrence Livermore, da U.C. Irvine e do Laborat\u00f3rio Nacional do Noroeste do Pac\u00edfico<\/strong>. As suas descobertas aproveitaram o <strong>Energy Exascale Earth System Model (E3SM) do Departamento de Energia (DOE<\/strong>) para captar com \u00eaxito a complexa intera\u00e7\u00e3o entre os inc\u00eandios florestais e a atmosfera.<\/p>\n<p>Refer\u00eancias da not\u00edcia<\/p>\n<p><a href=\"https:\/\/www.sciencedaily.com\/releases\/2025\/10\/251002074001.htm\" target=\"_blank\" rel=\"nofollow noopener\">Scientists just recreated a wildfire that made its own weather<\/a>. Science Daily. 2 de outubro de 2025.<\/p>\n<p><a href=\"https:\/\/agupubs.onlinelibrary.wiley.com\/doi\/10.1029\/2024GL114025\" target=\"_blank\" rel=\"nofollow noopener\">Simulating Pyrocumulonimbus Clouds Using a Multiscale Wildfire Simulation Framework<\/a>. Ziming Ke et. al,. Geophysical Research Letters. 25 de setembro de 2025.<\/p>\n","protected":false},"excerpt":{"rendered":"Este estudo descreve a primeira simula\u00e7\u00e3o bem sucedida destas trovoadas induzidas por inc\u00eandios florestais, conhecidas como nuvens pirocumulonimbus,&hellip;\n","protected":false},"author":2,"featured_media":99364,"comment_status":"","ping_status":"","sticky":false,"template":"","format":"standard","meta":{"footnotes":""},"categories":[84],"tags":[8428,109,107,108,23073,24336,24338,24334,24335,32,33,24337,105,103,104,106,110,20982,7067],"class_list":{"0":"post-99363","1":"post","2":"type-post","3":"status-publish","4":"format-standard","5":"has-post-thumbnail","7":"category-ciencia-e-tecnologia","8":"tag-calor-intenso","9":"tag-ciencia","10":"tag-ciencia-e-tecnologia","11":"tag-cienciaetecnologia","12":"tag-fumo","13":"tag-incendio-florestal","14":"tag-modelacao-climatica","15":"tag-pirocumulo","16":"tag-pirocumulonimbus","17":"tag-portugal","18":"tag-pt","19":"tag-relampagos","20":"tag-science","21":"tag-science-and-technology","22":"tag-scienceandtechnology","23":"tag-technology","24":"tag-tecnologia","25":"tag-tempestade","26":"tag-trovoada"},"share_on_mastodon":{"url":"","error":""},"_links":{"self":[{"href":"https:\/\/www.europesays.com\/pt\/wp-json\/wp\/v2\/posts\/99363","targetHints":{"allow":["GET"]}}],"collection":[{"href":"https:\/\/www.europesays.com\/pt\/wp-json\/wp\/v2\/posts"}],"about":[{"href":"https:\/\/www.europesays.com\/pt\/wp-json\/wp\/v2\/types\/post"}],"author":[{"embeddable":true,"href":"https:\/\/www.europesays.com\/pt\/wp-json\/wp\/v2\/users\/2"}],"replies":[{"embeddable":true,"href":"https:\/\/www.europesays.com\/pt\/wp-json\/wp\/v2\/comments?post=99363"}],"version-history":[{"count":0,"href":"https:\/\/www.europesays.com\/pt\/wp-json\/wp\/v2\/posts\/99363\/revisions"}],"wp:featuredmedia":[{"embeddable":true,"href":"https:\/\/www.europesays.com\/pt\/wp-json\/wp\/v2\/media\/99364"}],"wp:attachment":[{"href":"https:\/\/www.europesays.com\/pt\/wp-json\/wp\/v2\/media?parent=99363"}],"wp:term":[{"taxonomy":"category","embeddable":true,"href":"https:\/\/www.europesays.com\/pt\/wp-json\/wp\/v2\/categories?post=99363"},{"taxonomy":"post_tag","embeddable":true,"href":"https:\/\/www.europesays.com\/pt\/wp-json\/wp\/v2\/tags?post=99363"}],"curies":[{"name":"wp","href":"https:\/\/api.w.org\/{rel}","templated":true}]}}