{"id":99365,"date":"2025-10-06T06:42:15","date_gmt":"2025-10-06T06:42:15","guid":{"rendered":"https:\/\/www.europesays.com\/pt\/99365\/"},"modified":"2025-10-06T06:42:15","modified_gmt":"2025-10-06T06:42:15","slug":"este-governador-democrata-quer-vencer-trump-no-seu-palco-preferido-as-redes-sociais","status":"publish","type":"post","link":"https:\/\/www.europesays.com\/pt\/99365\/","title":{"rendered":"Este governador democrata quer vencer Trump no seu palco preferido: as redes sociais"},"content":{"rendered":"<p>\t                Gavin Newsom tem tentado fazer ao presidente dos EUA e companhia o que o presidente dos EUA faz a todos os seus rivais. At\u00e9 agora, est\u00e1 a resultar<\/p>\n<p style=\"margin-bottom:11px\">Ainda antes de ser presidente, Donald Trump fez da sua conta no Twitter um lugar de esc\u00e1rnio, gozo e muita controv\u00e9rsia. Lembramo-nos das publica\u00e7\u00f5es em que disse <a href=\"https:\/\/x.com\/realDonaldTrump\/status\/332308211321425920\" target=\"_blank\" rel=\"nofollow\">que o seu QI<\/a> era \u201cum dos maiores\u201d, <a href=\"https:\/\/x.com\/realDonaldTrump\/status\/260482827458592768\" target=\"_blank\" rel=\"nofollow\">em que aconselhou o ator Robert Pattinson<\/a> a terminar a sua rela\u00e7\u00e3o com Kristen Stewart, e em que desejou um feliz 11 de setembro <a href=\"https:\/\/x.com\/realDonaldTrump\/status\/377947866641485824\" target=\"_blank\" rel=\"nofollow\">\u201cmesmo para os haters e para os falhados\u201d<\/a>.<\/p>\n<p>A forma e intensidade dos posts acompanharam-no durante a primeira presid\u00eancia e, j\u00e1 ap\u00f3s a suspens\u00e3o no Twitter e da \u201cmigra\u00e7\u00e3o\u201d para a sua rede social, a Truth Social, a ret\u00f3rica teclada de Trump tornou-se mais agressiva. As amea\u00e7as a l\u00edderes mundiais, locais e at\u00e9 mesmo \u00e0s autoridades, multiplicaram-se ao longo dos anos, assim como o n\u00famero de seguidores<\/p>\n<p>Perante este bravado, a resposta dos democratas pareceu sempre t\u00edmida. Ningu\u00e9m quis jogar t\u00e3o baixo como o presidente, pelo menos at\u00e9 h\u00e1 uns meses.<\/p>\n<p>As publica\u00e7\u00f5es de Gavin Newsom, governador democrata da Calif\u00f3rnia, e da sua assessoria de imprensa, come\u00e7aram a aparecer no feed do X regularmente. Aparentavam ser iguais \u00e0s de Trump: muito Caps Lock, insultos gratuitos, memes para consumo r\u00e1pido e v\u00eddeos feitos com recurso \u00e0 intelig\u00eancia artificial. Os alvos mais populares, para al\u00e9m do presidente, s\u00e3o JD Vance e os jornalistas da Fox News como Sean Hannity e Jesse Waters, vistos como pontas de lan\u00e7a na defesa do chefe de Estado.<\/p>\n<p>As publica\u00e7\u00f5es sobre o vice-presidente est\u00e3o entre as que fazem mais sucesso. S\u00f3 nos \u00faltimos dias, a conta da sua assessoria publicou uma <a href=\"https:\/\/x.com\/GovPressOffice\/status\/1972842080201331136\" target=\"_blank\" rel=\"nofollow\">fotografia de Vance em drag<\/a>, para criticar a hipocrisia dos republicanos sobre a atua\u00e7\u00e3o do cantor porto-riquenho Bad Bunny no pr\u00f3ximo Superbowl, e um v\u00eddeo feito com intelig\u00eancia artificial em que JD Vance conta \u201ca hist\u00f3ria dos sof\u00e1s\u201d, uma alus\u00e3o a uma piada popularizada no X, de que o vice-presidente j\u00e1 praticou rela\u00e7\u00f5es sexuais com um destes objetos.<\/p>\n<blockquote class=\"twitter-tweet\">\n<p lang=\"en\">POOR JD! HIS SWEET BELOVED COUCH NOW COSTS MORE WITH THE TARIFFS! <a href=\"https:\/\/t.co\/dNvISJcSPq\" rel=\"nofollow\">pic.twitter.com\/dNvISJcSPq<\/a><\/p>\n<p> \u2014 Governor Newsom Press Office (@GovPressOffice) <a href=\"https:\/\/twitter.com\/GovPressOffice\/status\/1973167665075335449?ref_src=twsrc%5Etfw\" rel=\"nofollow noopener\" target=\"_blank\">September 30, 2025<\/a>\n<\/p><\/blockquote>\n<p>Ap\u00f3s mais de uma d\u00e9cada, h\u00e1 finalmente um democrata disposto a jogar na mesma arena do presidente, algo h\u00e1 muito desejado pela base do partido que frequenta as redes sociais, diz \u00e0 CNN Portugal Elex Michaelson, piv\u00f4 e jornalista da CNN Internacional radicado em Los Angeles e que h\u00e1 anos acompanha Newsom, tendo j\u00e1 entrevistado o governador em algumas ocasi\u00f5es.<\/p>\n<p>\u201cA maioria das pessoas acredita que ele quer ser presidente dos Estados Unidos e que o objetivo \u00e9 chamar a aten\u00e7\u00e3o para que ele possa ser presidente. Mas, se lhe perguntares, ele dir-te-\u00e1 que o seu objetivo \u00e9 mostrar o que ele diz ser a hipocrisia de Donald Trump e da abordagem republicana\u201d, explica Michaelson, quando questionado sobre a raz\u00e3o de uma nova abordagem \u00e0 comunica\u00e7\u00e3o.<\/p>\n<p>\u201cQuando lhe perguntei, h\u00e1 cerca de um m\u00eas, porqu\u00ea a mudan\u00e7a dram\u00e1tica de estrat\u00e9gia, ele disse-me que foi muito impactado pela abordagem do presidente. (\u2026) E ele disse-me que Trump est\u00e1 agora num ponto em que representa uma amea\u00e7a para os Estados Unidos. Quer estar do lado certo da hist\u00f3ria e n\u00e3o quer ter arrependimentos no final do seu mandato como governador\u201d, acrescentou.<\/p>\n<p>Este estilo de comunica\u00e7\u00e3o contrasta com o habitual dos democratas. Michaelson lembra as palavras de Michelle Obama para descrever a estrat\u00e9gia do partido: \u201cwhen they go low, we go high\u201d, qualquer coisa como \u201cquando eles baixam o n\u00edvel, n\u00f3s subimos\u201d.<\/p>\n<p>\u201cH\u00e1 um reconhecimento entre alguns membros do partido de que a estrat\u00e9gia n\u00e3o est\u00e1 a funcionar. E, por isso, h\u00e1 uma vontade por parte de alguns de tentar outra coisa. E parece haver um debate real entre os potenciais candidatos presidenciais democratas sobre qual deve ser essa abordagem. Nem todos adotaram a abordagem de Newsom. Na verdade, a maioria das pessoas n\u00e3o o fez, e \u00e9 por isso que ela se destacou tanto. N\u00e3o estamos a falar de J.B. Pritzker, Kamala Harris, Pete Buttigieg ou qualquer outro candidato que tenha tentado uma abordagem mais tradicional\u201d, explicou.<\/p>\n<p>Por contraste, Newsom segue a m\u00e1xima de Bill Clinton, \u201cuma das suas refer\u00eancias na pol\u00edtica\u201d, que diz que os americanos preferem algu\u00e9m que seja \u201cforte e errado\u201d do que \u201cfraco e correto\u201d.<\/p>\n<p>\u201cEle acha que o Partido Democrata \u00e9 visto como fraco e ineficaz em enfrentar Donald Trump. E, especialmente online, onde Newsom passa muito tempo, ele acha que tem havido um verdadeiro v\u00e1cuo\u201d.<\/p>\n<p>  <img loading=\"lazy\" decoding=\"async\" alt=\"\" height=\"394\" src=\"https:\/\/www.europesays.com\/pt\/wp-content\/uploads\/2025\/10\/68dea98fd34e58bc679674d7.webp\" width=\"700\"\/> <\/p>\n<p>    Gavin Newsom, \u00e0 direita, fala ao lado do ex-presidente dos EUA Bill Clinton durante a Clinton Global Initiative em Nova Iorque, 24 de setembro de 2025\u00a0(Andres Kudacki\/AP) <\/p>\n<p>Os esfor\u00e7os nas redes sociais parecem estar a dar resultado. <a href=\"https:\/\/emersoncollegepolling.com\/august-2025-national\/\" target=\"_blank\" rel=\"nofollow noopener\">Uma sondagem do Emerson College<\/a> realizada em agosto coloca Newsom como favorito \u00e0 nomea\u00e7\u00e3o democrata, reunindo a prefer\u00eancia de 25% dos inquiridos. O n\u00famero mais do que duplicou em dois meses; em junho, apenas 12% dos inquiridos apoiariam uma candidatura do governador da Calif\u00f3rnia nas prim\u00e1rias democratas.<\/p>\n<p>No entanto, muito antes de qualquer prim\u00e1ria, Newsom est\u00e1 a travar uma batalha que pode mudar a configura\u00e7\u00e3o da C\u00e2mara dos Representantes. Dia 4 de novembro, os californianos v\u00e3o deslocar-se \u00e0s urnas para votar sobre a Proposition 50. O objetivo desta medida \u00e9 claro: reformular os mapas dos distritos eleitorais de modo a beneficiar os democratas que, em teoria, poderiam obter mais uma m\u00e3o cheia de lugares na C\u00e2mara nas pr\u00f3ximas elei\u00e7\u00f5es, em 2026.<\/p>\n<p>A ser aprovada, a Proposition 50 romperia com quase duas d\u00e9cadas de esfor\u00e7os conjuntos entre democratas e republicanos. Desde 2008 que os mapas s\u00e3o desenhados por uma entidade bipartid\u00e1ria, a California Citizens Redistricting Comission.<\/p>\n<p>  <img loading=\"lazy\" decoding=\"async\" alt=\"\" height=\"394\" src=\"https:\/\/www.europesays.com\/pt\/wp-content\/uploads\/2025\/10\/68dea961d34ee0c2fed0d030.webp\" width=\"700\"\/> <\/p>\n<p>    O governador da Calif\u00f3rnia, Gavin Newsom, assina legisla\u00e7\u00e3o que prev\u00ea a realiza\u00e7\u00e3o de elei\u00e7\u00f5es especiais sobre um novo mapa eleitoral do Congresso, 21 de agosto de 2025\u00a0(Godofredo A. V\u00e1squez\/AP) <\/p>\n<p>A medida surgiu em resposta \u00e0s altera\u00e7\u00f5es feitas no mesmo sentido no Texas, mas pelos republicanos, para que o partido de Donald Trump consiga eleger mais representantes.<\/p>\n<p>At\u00e9 ao momento, a campanha pelo \u2018sim\u2019, liderada por Newson, arrecadou mais de 75 milh\u00f5es de euros em financiamento, um n\u00famero muito superior ao do n\u00e3o, que conseguiu angariar cerca de 34 milh\u00f5es de euros.<\/p>\n<p>A popularidade de Newsom parece estar a crescer e o governador da Calif\u00f3rnia tem surfado a onda. A presid\u00eancia dos EUA poder\u00e1 estar no horizonte. &#8220;N\u00e3o estou a pensar em concorrer, mas \u00e9 um caminho que eu poderia ver a acontecer&#8221;, <a href=\"https:\/\/www.wsj.com\/politics\/policy\/california-gavin-newsom-trump-los-angeles-1e2ec00f\" target=\"_blank\" rel=\"nofollow noopener\">disse o governante ao Wall Street Journal em junho.<\/a><\/p>\n<p>Os desafios <\/p>\n<p>No entanto, Newsom ainda tem de percorrer um longo caminho para convencer o resto dos americanos. <a href=\"https:\/\/news.gallup.com\/poll\/693155\/pope-leo-favorably-viewed-newsmakers.aspx\" target=\"_blank\" rel=\"nofollow noopener\">Uma sondagem da Gallup<\/a>\u00a0publicada em agosto deste ano coloca Gavin Newsom como uma das figuras menos populares. Apenas 30% t\u00eam uma opini\u00e3o favor\u00e1vel do governador da Calif\u00f3rnia, contra 41% que o veem de forma negativa.<\/p>\n<p>Um dos fatores que pode explicar a sua popularidade negativa \u00e9 a perce\u00e7\u00e3o externa que os restantes americanos t\u00eam do estado que governa. Cidades com Los Angeles e S\u00e3o Francisco t\u00eam m\u00e1 reputa\u00e7\u00e3o entre os mais conservadores e s\u00e3o vistas como antros de consumo de droga e sem-abrigos.<\/p>\n<p>De facto, em janeiro de 2024, a Calif\u00f3rnia era o estado que mais pessoas tinha em situa\u00e7\u00e3o de sem-abrigo,<a href=\"https:\/\/www.huduser.gov\/portal\/datasets\/ahar\/2024-ahar-part-1-pit-estimates-of-homelessness-in-the-us.html\" target=\"_blank\" rel=\"nofollow noopener\"> com cerca de 187 mil californianos<\/a> a viver nas ruas nessa altura, o que correspondia a 0,48% da popula\u00e7\u00e3o do estado.<\/p>\n<p>Os n\u00fameros do consumo de droga tamb\u00e9m impressionam. Em 2023, <a href=\"https:\/\/www.chcf.org\/resource\/substance-use-in-california-almanac\/\" target=\"_blank\" rel=\"nofollow noopener\">7560 pessoas morreram de overdose de opioides no estado<\/a>.<\/p>\n<p>Elex Michaelson afirma que esta pode ser uma quest\u00e3o delicada para Newsom. \u201c\u00c9 uma grande fraqueza para ele e \u00e9 um problema grave. Newsom diria que investiu mais na luta contra os sem-abrigo do que qualquer outro governador da Calif\u00f3rnia. Mas, de uma perspetiva objetiva, ainda h\u00e1 muitas pessoas sem-abrigo nas ruas, mais do que em qualquer outro estado do pa\u00eds. E isso \u00e9 problem\u00e1tico\u201d, afirma o piv\u00f4 da CNN Internacional.<\/p>\n<p>  <img loading=\"lazy\" decoding=\"async\" alt=\"\" height=\"394\" src=\"https:\/\/www.europesays.com\/pt\/wp-content\/uploads\/2025\/10\/68dea92fd34ee0c2fed0d02c.webp\" width=\"700\"\/> <\/p>\n<p>    Pessoas sem-abrigo em Skid Row, zona da baixa de Los Angeles que tem uma das maiores popula\u00e7\u00f5es deste tipo nos EUA\u00a0(Jae C. Hong\/AP) <\/p>\n<p>Outro problema para o governador da Calif\u00f3rnia, mais impactante entre os eleitores de esquerda, \u00e9 a sua posi\u00e7\u00e3o acerca do conflito israelo-palestiniano. Newsom disse recentemente num podcast que tem \u201cprofunda rever\u00eancia\u201d pelo Estado de Israel, e visitou o pa\u00eds cerca de duas semanas ap\u00f3s o 7 de Outubro, onde se encontrou com o primeiro-ministro Benjamin Netanyahu e fam\u00edlias de ref\u00e9ns, conta Michaelson, que acompanhou Newsom nessa viagem.<\/p>\n<p>No entanto, Elex Michaelson afirma que o impacto do conflito israelo-palestiniano \u00e9, para j\u00e1, quase nulo para Newsom. \u201c\u00c9 o governador da Calif\u00f3rnia, o que \u00e9 obviamente um cargo muito importante e de grande responsabilidade. Mas ele n\u00e3o supervisiona a pol\u00edtica externa dos Estados Unidos. Portanto, ele n\u00e3o precisa assumir o controlo da situa\u00e7\u00e3o da mesma forma que Joe Biden e Kamala Harris tiveram de fazer\u201d, diz o jornalista.<\/p>\n<p>Para j\u00e1, a estrat\u00e9gia de Newsom vai surtindo os seus efeitos. Mas ainda h\u00e1 alguns pontos de interroga\u00e7\u00e3o. \u201cEsta abordagem vai se tornar cansativa com o tempo? As pessoas v\u00e3o se cansar? Ainda n\u00e3o sabemos, mas tem sido boa na economia da aten\u00e7\u00e3o\u201d, conclui Michaelson.<\/p>\n<p>\t            <script async src=\"https:\/\/platform.twitter.com\/widgets.js\" charset=\"utf-8\"><\/script><\/p>\n","protected":false},"excerpt":{"rendered":"Gavin Newsom tem tentado fazer ao presidente dos EUA e companhia o que o presidente dos EUA faz&hellip;\n","protected":false},"author":2,"featured_media":99366,"comment_status":"","ping_status":"","sticky":false,"template":"","format":"standard","meta":{"footnotes":""},"categories":[50],"tags":[609,836,611,27,28,8662,607,608,333,832,604,135,610,92,476,15,16,16046,301,830,14,933,7740,603,25,26,570,21,22,831,833,62,834,12,16045,13,19,20,835,602,52,32,23,24,17,18,2183,29,30,31,63,64,65],"class_list":{"0":"post-99365","1":"post","2":"type-post","3":"status-publish","4":"format-standard","5":"has-post-thumbnail","7":"category-mundo","8":"tag-alerta","9":"tag-analise","10":"tag-ao-minuto","11":"tag-breaking-news","12":"tag-breakingnews","13":"tag-california","14":"tag-cnn","15":"tag-cnn-portugal","16":"tag-comentadores","17":"tag-costa","18":"tag-crime","19":"tag-desporto","20":"tag-direto","21":"tag-donald-trump","22":"tag-economia","23":"tag-featured-news","24":"tag-featurednews","25":"tag-gavin-newsom","26":"tag-governo","27":"tag-guerra","28":"tag-headlines","29":"tag-inteligencia-artificial","30":"tag-jd-vance","31":"tag-justica","32":"tag-latest-news","33":"tag-latestnews","34":"tag-live","35":"tag-main-news","36":"tag-mainnews","37":"tag-mais-vistas","38":"tag-marcelo","39":"tag-mundo","40":"tag-negocios","41":"tag-news","42":"tag-newsom","43":"tag-noticias","44":"tag-noticias-principais","45":"tag-noticiasprincipais","46":"tag-opiniao","47":"tag-pais","48":"tag-politica","49":"tag-portugal","50":"tag-principais-noticias","51":"tag-principaisnoticias","52":"tag-top-stories","53":"tag-topstories","54":"tag-trump","55":"tag-ultimas","56":"tag-ultimas-noticias","57":"tag-ultimasnoticias","58":"tag-world","59":"tag-world-news","60":"tag-worldnews"},"share_on_mastodon":{"url":"","error":""},"_links":{"self":[{"href":"https:\/\/www.europesays.com\/pt\/wp-json\/wp\/v2\/posts\/99365","targetHints":{"allow":["GET"]}}],"collection":[{"href":"https:\/\/www.europesays.com\/pt\/wp-json\/wp\/v2\/posts"}],"about":[{"href":"https:\/\/www.europesays.com\/pt\/wp-json\/wp\/v2\/types\/post"}],"author":[{"embeddable":true,"href":"https:\/\/www.europesays.com\/pt\/wp-json\/wp\/v2\/users\/2"}],"replies":[{"embeddable":true,"href":"https:\/\/www.europesays.com\/pt\/wp-json\/wp\/v2\/comments?post=99365"}],"version-history":[{"count":0,"href":"https:\/\/www.europesays.com\/pt\/wp-json\/wp\/v2\/posts\/99365\/revisions"}],"wp:featuredmedia":[{"embeddable":true,"href":"https:\/\/www.europesays.com\/pt\/wp-json\/wp\/v2\/media\/99366"}],"wp:attachment":[{"href":"https:\/\/www.europesays.com\/pt\/wp-json\/wp\/v2\/media?parent=99365"}],"wp:term":[{"taxonomy":"category","embeddable":true,"href":"https:\/\/www.europesays.com\/pt\/wp-json\/wp\/v2\/categories?post=99365"},{"taxonomy":"post_tag","embeddable":true,"href":"https:\/\/www.europesays.com\/pt\/wp-json\/wp\/v2\/tags?post=99365"}],"curies":[{"name":"wp","href":"https:\/\/api.w.org\/{rel}","templated":true}]}}