{"id":99369,"date":"2025-10-06T06:51:11","date_gmt":"2025-10-06T06:51:11","guid":{"rendered":"https:\/\/www.europesays.com\/pt\/99369\/"},"modified":"2025-10-06T06:51:11","modified_gmt":"2025-10-06T06:51:11","slug":"as-notas-dos-jogadores-do-benfica-diante-do-fc-porto-rebucados-do-dr-enzo-benfica","status":"publish","type":"post","link":"https:\/\/www.europesays.com\/pt\/99369\/","title":{"rendered":"As notas dos jogadores do Benfica diante do FC Porto: rebu\u00e7ados do Dr. Enzo &#8211; Benfica"},"content":{"rendered":"<p>                    00:35<\/p>\n<p>No meio de tanta virose e sintomas de gripe, o m\u00e9dio argentino mostrou o que \u00e9 bom para a tosse, enchendo o campo com autoridade, personalidade e precis\u00e3o nas a\u00e7\u00f5es, quer ofensivas, quer defensivas<\/p>\n<p class=\"\">&#13;<br \/>\n        <b>Destaque do Benfica:\u00a0Enzo Barrenechea (nota 4)<\/b>&#13;\n    <\/p>\n<p>                        Para ler TODOS OS ARTIGOS RECORD PREMIUM durante o dia 06.10.2025 insira o seu n\u00famero de telem\u00f3vel e clique em OK<\/p>\n<p>Consulte a aplica\u00e7\u00e3o MBway no seu telem\u00f3vel e aceite a transa\u00e7\u00e3o&#13;\n                    <\/p>\n<p>                        Os seus dados n\u00e3o ser\u00e3o guardados pelo Record<\/p>\n<p>                    Por Filipe Alexandre Dias<\/p>\n","protected":false},"excerpt":{"rendered":"00:35 No meio de tanta virose e sintomas de gripe, o m\u00e9dio argentino mostrou o que \u00e9 bom&hellip;\n","protected":false},"author":2,"featured_media":99370,"comment_status":"","ping_status":"","sticky":false,"template":"","format":"standard","meta":{"footnotes":""},"categories":[87],"tags":[135,32,33,134],"class_list":{"0":"post-99369","1":"post","2":"type-post","3":"status-publish","4":"format-standard","5":"has-post-thumbnail","7":"category-desporto","8":"tag-desporto","9":"tag-portugal","10":"tag-pt","11":"tag-sports"},"share_on_mastodon":{"url":"","error":""},"_links":{"self":[{"href":"https:\/\/www.europesays.com\/pt\/wp-json\/wp\/v2\/posts\/99369","targetHints":{"allow":["GET"]}}],"collection":[{"href":"https:\/\/www.europesays.com\/pt\/wp-json\/wp\/v2\/posts"}],"about":[{"href":"https:\/\/www.europesays.com\/pt\/wp-json\/wp\/v2\/types\/post"}],"author":[{"embeddable":true,"href":"https:\/\/www.europesays.com\/pt\/wp-json\/wp\/v2\/users\/2"}],"replies":[{"embeddable":true,"href":"https:\/\/www.europesays.com\/pt\/wp-json\/wp\/v2\/comments?post=99369"}],"version-history":[{"count":0,"href":"https:\/\/www.europesays.com\/pt\/wp-json\/wp\/v2\/posts\/99369\/revisions"}],"wp:featuredmedia":[{"embeddable":true,"href":"https:\/\/www.europesays.com\/pt\/wp-json\/wp\/v2\/media\/99370"}],"wp:attachment":[{"href":"https:\/\/www.europesays.com\/pt\/wp-json\/wp\/v2\/media?parent=99369"}],"wp:term":[{"taxonomy":"category","embeddable":true,"href":"https:\/\/www.europesays.com\/pt\/wp-json\/wp\/v2\/categories?post=99369"},{"taxonomy":"post_tag","embeddable":true,"href":"https:\/\/www.europesays.com\/pt\/wp-json\/wp\/v2\/tags?post=99369"}],"curies":[{"name":"wp","href":"https:\/\/api.w.org\/{rel}","templated":true}]}}