{"id":99373,"date":"2025-10-06T07:06:09","date_gmt":"2025-10-06T07:06:09","guid":{"rendered":"https:\/\/www.europesays.com\/pt\/99373\/"},"modified":"2025-10-06T07:06:09","modified_gmt":"2025-10-06T07:06:09","slug":"jogo-entre-balasar-e-ramaldense-termina-com-cena-de-pancadaria","status":"publish","type":"post","link":"https:\/\/www.europesays.com\/pt\/99373\/","title":{"rendered":"Jogo entre Balasar e Ramaldense termina com cena de pancadaria"},"content":{"rendered":"<p>Jogo foi interrompido aos 65 minutos da segunda parte, numa altura em que o Balasar, a jogar em casa, vencia o encontro frente ao Ramaldense por 4-2. Fontes dos dois clubes explicaram ao JN como tudo aconteceu.<\/p>\n<p data-remotead-prev-elm=\"true\" data-remotead-elm-id=\"inread\">&#8220;No jogo todo houve bastantes insultos da bancada para com os nossos atletas. Tudo despoletou quando um jogador nosso levou segundo amarelo por uma falta, que deu lugar depois a uma s\u00e9rie de expuls\u00f5es. A massagista do Balasar ao ir assistir o atleta que sofreu a falta, junto aos nossos adeptos, insultou a bancada. Foi quando come\u00e7ou a escaramu\u00e7a&#8221;, come\u00e7ou por dizer Carlos Costa, presidente do Ramaldense.<\/p>\n<p>&#8220;O \u00e1rbitro deu o jogo por interrompido ao minuto 65 por falta de condi\u00e7\u00f5es de seguran\u00e7a. E, entretanto, quando as equipas est\u00e3o a recolher aos balne\u00e1rios e os nossos atletas que n\u00e3o tinham sido convocados, que estavam numa zona \u00e0 parte da bancada, quando tentaram dirigir-se para l\u00e1, come\u00e7aram a ser agredidos tanto pelo presidente do Balasar como por adeptos que saltaram da bancada para dentro do campo&#8221;, acrescentou, salientando que tem &#8220;entre atletas e diretores, sete notificados para aparecerem amanh\u00e3 no Instituto de Medicina legal por serem v\u00edtimas de agress\u00e3o&#8221;.<\/p>\n<p data-remotead-prev-elm=\"true\" data-remotead-elm-id=\"centro1\">O dirigente lamenta, ainda, a interven\u00e7\u00e3o &#8220;muito tardia&#8221; das for\u00e7as policiais: &#8220;Foi um dispositivo do Porto para Balasar. N\u00e3o havia viaturas dispon\u00edveis. Demorou quase uma hora. Eu, que n\u00e3o estava presente, cheguei mais depressa do Porto ao campo do que a pr\u00f3pria GNR&#8221;, d\u00e1 conta, explicando que n\u00e3o havia policiamento para o jogo e que &#8220;estavam apenas dois ARD&#8217;s ARD&#8221;s a fazer a seguran\u00e7a de um campo que n\u00e3o tem qualquer seguran\u00e7a&#8221;.<\/p>\n<p>J\u00e1 fonte do Balasar diz que os respons\u00e1veis do clube &#8220;tentaram serenar toda a situa\u00e7\u00e3o&#8221; e que &#8220;a massagista acabou por ser agredida por um adepto do Ramaldense na parte da boca&#8221;, acabando por ter de ir ao hospital, assim como o presidente do emblema do mun\u00edcipio da P\u00f3voa de Varzim.<\/p>\n<p data-remotead-prev-elm=\"true\" data-remotead-elm-id=\"centro2\">A mesma fonte menciona, ainda, que o &#8220;treinador [advers\u00e1rio] teve uma forma err\u00e1tica na postura no banco e despoletou toda a situa\u00e7\u00e3o&#8221;, diz que tudo &#8220;ocorreu numa \u00e1rea anexa \u00e0 bancada&#8221; e v\u00ea como &#8220;uma das falhas graves a aus\u00eancia de policiamento no jogo por falta de efetivos&#8221;.<\/p>\n","protected":false},"excerpt":{"rendered":"Jogo foi interrompido aos 65 minutos da segunda parte, numa altura em que o Balasar, a jogar em&hellip;\n","protected":false},"author":2,"featured_media":99374,"comment_status":"","ping_status":"","sticky":false,"template":"","format":"standard","meta":{"footnotes":""},"categories":[87],"tags":[22733,23243,24339,135,32,33,24340,134],"class_list":{"0":"post-99373","1":"post","2":"type-post","3":"status-publish","4":"format-standard","5":"has-post-thumbnail","7":"category-desporto","8":"tag-af-porto","9":"tag-agressoes","10":"tag-balasar","11":"tag-desporto","12":"tag-portugal","13":"tag-pt","14":"tag-ramaldense","15":"tag-sports"},"share_on_mastodon":{"url":"","error":""},"_links":{"self":[{"href":"https:\/\/www.europesays.com\/pt\/wp-json\/wp\/v2\/posts\/99373","targetHints":{"allow":["GET"]}}],"collection":[{"href":"https:\/\/www.europesays.com\/pt\/wp-json\/wp\/v2\/posts"}],"about":[{"href":"https:\/\/www.europesays.com\/pt\/wp-json\/wp\/v2\/types\/post"}],"author":[{"embeddable":true,"href":"https:\/\/www.europesays.com\/pt\/wp-json\/wp\/v2\/users\/2"}],"replies":[{"embeddable":true,"href":"https:\/\/www.europesays.com\/pt\/wp-json\/wp\/v2\/comments?post=99373"}],"version-history":[{"count":0,"href":"https:\/\/www.europesays.com\/pt\/wp-json\/wp\/v2\/posts\/99373\/revisions"}],"wp:featuredmedia":[{"embeddable":true,"href":"https:\/\/www.europesays.com\/pt\/wp-json\/wp\/v2\/media\/99374"}],"wp:attachment":[{"href":"https:\/\/www.europesays.com\/pt\/wp-json\/wp\/v2\/media?parent=99373"}],"wp:term":[{"taxonomy":"category","embeddable":true,"href":"https:\/\/www.europesays.com\/pt\/wp-json\/wp\/v2\/categories?post=99373"},{"taxonomy":"post_tag","embeddable":true,"href":"https:\/\/www.europesays.com\/pt\/wp-json\/wp\/v2\/tags?post=99373"}],"curies":[{"name":"wp","href":"https:\/\/api.w.org\/{rel}","templated":true}]}}