{"id":99379,"date":"2025-10-06T07:12:18","date_gmt":"2025-10-06T07:12:18","guid":{"rendered":"https:\/\/www.europesays.com\/pt\/99379\/"},"modified":"2025-10-06T07:12:18","modified_gmt":"2025-10-06T07:12:18","slug":"moradores-preocupados-com-painel-luminoso-na-segunda-circular","status":"publish","type":"post","link":"https:\/\/www.europesays.com\/pt\/99379\/","title":{"rendered":"Moradores preocupados com painel luminoso na Segunda Circular"},"content":{"rendered":"<p>Este painel resulta do contrato de concess\u00e3o entre a C\u00e2mara Municipal de Lisboa (CML) e a JC Decaux, aprovado em 2022, com um prazo de 15 anos. J\u00e1 em 2024, a associa\u00e7\u00e3o tinha manifestado o seu desagrado perante a tipologia dos pain\u00e9is publicit\u00e1rios em Lisboa, nomeadamente na Pra\u00e7a de Londres. Rui Martins, representante da organiza\u00e7\u00e3o, sublinha que, no local mencionado, o painel est\u00e1 localizado numa zona de passagem de pe\u00f5es, podendo causar acidentes devido aos &#8220;constrangimentos visuais&#8221; para os condutores. No entanto, no caso do painel na Segunda Circular, a situa\u00e7\u00e3o \u00e9 &#8220;diferente&#8221; devido \u00e0 transmiss\u00e3o de um v\u00eddeo que fica &#8220;totalmente branco&#8221; e \u00e0 falta de ilumina\u00e7\u00e3o na via, o que pode ofuscar a vis\u00e3o do condutor.<\/p>\n<p data-remotead-prev-elm=\"true\" data-remotead-elm-id=\"inread\">Na queixa, os Vizinhos em Lisboa entendem que esta situa\u00e7\u00e3o &#8220;parece violar preceitos legais e regulamentares&#8221;. Um deles \u00e9 o C\u00f3digo da Estrada, pois, no artigo 5.\u00ba, consta que &#8220;n\u00e3o podem ser colocados nas vias p\u00fablicas ou nas suas proximidades quadros, pain\u00e9is, an\u00fancios, cartazes, focos luminosos, inscri\u00e7\u00f5es ou outros meios de publicidade&#8221; que possam prejudicar a visibilidade do condutor. Outra norma citada est\u00e1 presente no C\u00f3digo Geral da Publicidade, no Decreto-Lei n\u00ba 330\/90, que pro\u00edbe a publicidade prejudicial \u00e0 seguran\u00e7a.<\/p>\n<p>Acesso exclusivo a assinantes<\/p>\n<p>Acesso ilimitado a conte\u00fados exclusivos<\/p>\n<p>Navega\u00e7\u00e3o sem publicidade intrusiva<\/p>\n<p>Vers\u00e3o digital do jornal, suplementos e revistas<\/p>\n","protected":false},"excerpt":{"rendered":"Este painel resulta do contrato de concess\u00e3o entre a C\u00e2mara Municipal de Lisboa (CML) e a JC Decaux,&hellip;\n","protected":false},"author":2,"featured_media":99380,"comment_status":"","ping_status":"","sticky":false,"template":"","format":"standard","meta":{"footnotes":""},"categories":[10],"tags":[27,28,6827,21113,15,16,14,24342,25,26,21,22,12,13,19,20,24341,32,23,24,33,17,18,29,30,31],"class_list":{"0":"post-99379","1":"post","2":"type-post","3":"status-publish","4":"format-standard","5":"has-post-thumbnail","7":"category-portugal","8":"tag-breaking-news","9":"tag-breakingnews","10":"tag-camara-de-lisboa","11":"tag-concelho-lisboa","12":"tag-featured-news","13":"tag-featurednews","14":"tag-headlines","15":"tag-jc-decaux","16":"tag-latest-news","17":"tag-latestnews","18":"tag-main-news","19":"tag-mainnews","20":"tag-news","21":"tag-noticias","22":"tag-noticias-principais","23":"tag-noticiasprincipais","24":"tag-paineis-publicitarios","25":"tag-portugal","26":"tag-principais-noticias","27":"tag-principaisnoticias","28":"tag-pt","29":"tag-top-stories","30":"tag-topstories","31":"tag-ultimas","32":"tag-ultimas-noticias","33":"tag-ultimasnoticias"},"share_on_mastodon":{"url":"","error":""},"_links":{"self":[{"href":"https:\/\/www.europesays.com\/pt\/wp-json\/wp\/v2\/posts\/99379","targetHints":{"allow":["GET"]}}],"collection":[{"href":"https:\/\/www.europesays.com\/pt\/wp-json\/wp\/v2\/posts"}],"about":[{"href":"https:\/\/www.europesays.com\/pt\/wp-json\/wp\/v2\/types\/post"}],"author":[{"embeddable":true,"href":"https:\/\/www.europesays.com\/pt\/wp-json\/wp\/v2\/users\/2"}],"replies":[{"embeddable":true,"href":"https:\/\/www.europesays.com\/pt\/wp-json\/wp\/v2\/comments?post=99379"}],"version-history":[{"count":0,"href":"https:\/\/www.europesays.com\/pt\/wp-json\/wp\/v2\/posts\/99379\/revisions"}],"wp:featuredmedia":[{"embeddable":true,"href":"https:\/\/www.europesays.com\/pt\/wp-json\/wp\/v2\/media\/99380"}],"wp:attachment":[{"href":"https:\/\/www.europesays.com\/pt\/wp-json\/wp\/v2\/media?parent=99379"}],"wp:term":[{"taxonomy":"category","embeddable":true,"href":"https:\/\/www.europesays.com\/pt\/wp-json\/wp\/v2\/categories?post=99379"},{"taxonomy":"post_tag","embeddable":true,"href":"https:\/\/www.europesays.com\/pt\/wp-json\/wp\/v2\/tags?post=99379"}],"curies":[{"name":"wp","href":"https:\/\/api.w.org\/{rel}","templated":true}]}}