{"id":99387,"date":"2025-10-06T07:26:39","date_gmt":"2025-10-06T07:26:39","guid":{"rendered":"https:\/\/www.europesays.com\/pt\/99387\/"},"modified":"2025-10-06T07:26:39","modified_gmt":"2025-10-06T07:26:39","slug":"continua-internado-jovem-ferido-com-gravidade-na-manifestacao-de-apoio-a-gaza-em-lisboa","status":"publish","type":"post","link":"https:\/\/www.europesays.com\/pt\/99387\/","title":{"rendered":"Continua internado jovem ferido com gravidade na manifesta\u00e7\u00e3o de apoio a Gaza em Lisboa"},"content":{"rendered":"<p class=\"category\"><a href=\"https:\/\/sicnoticias.pt\/pais\" rel=\"nofollow noopener\" target=\"_blank\">Pa\u00eds<\/a><\/p>\n<p>Mais de tr\u00eas pessoas juntaram-se este s\u00e1bado na manifesta\u00e7\u00e3o a favor dos detidos da Flotilha Global Sumud, que percorreu Lisboa, entre as pra\u00e7as do Martim Moniz e do Rossio, segundo a Pol\u00edcia de Seguran\u00e7a P\u00fablica, que acompanhou o percurso.<\/p>\n<p><img decoding=\"async\" src=\"https:\/\/www.europesays.com\/pt\/wp-content\/uploads\/2025\/10\/1759735599_695_original.webp\" alt=\"Continua internado jovem ferido com gravidade na manifesta\u00e7\u00e3o de apoio a Gaza em Lisboa\"\/><\/p>\n<p>Canva<\/p>\n<p>O manifestante ter\u00e1 sido eletrocutado quando tentou subir para uma carruagem na Esta\u00e7\u00e3o do Rossio, onde algumas pessoas se barricaram.<\/p>\n<p>A v\u00edtima sofreu queimaduras extensas e foi transportada para o Hospital de S\u00e3o Jos\u00e9.<\/p>\n<p style=\"text-align: start;\">Mais de tr\u00eas pessoas juntaram-se este s\u00e1bado na manifesta\u00e7\u00e3o a favor dos detidos da Flotilha Global Sumud, que percorreu Lisboa, entre as pra\u00e7as do Martim Moniz e do Rossio, segundo a Pol\u00edcia de Seguran\u00e7a P\u00fablica, que acompanhou o percurso.<\/p>\n<blockquote style=\"text-align: start;\"><p>&#8220;Estava prevista a participa\u00e7\u00e3o de 500 pessoas e entraram 3.000 pessoas, agora, no final da manifesta\u00e7\u00e3o. Estou seguro de que esse n\u00famero foi largamente ultrapassado&#8221;, disse um elemento da pol\u00edcia \u00e0 ag\u00eancia Lusa, no termo da manifesta\u00e7\u00e3o, que chegou ao Rossio \u00e0s 16h55.<\/p><\/blockquote>\n<p style=\"text-align: start;\">Joana Mort\u00e1gua, irm\u00e3 da deputada e coordenadora do Bloco de Esquerda, Mariana Mort\u00e1gua, detida em Israel desde o passado dia 01, tamb\u00e9m desfilou na concentra\u00e7\u00e3o.<\/p>\n","protected":false},"excerpt":{"rendered":"Pa\u00eds Mais de tr\u00eas pessoas juntaram-se este s\u00e1bado na manifesta\u00e7\u00e3o a favor dos detidos da Flotilha Global Sumud,&hellip;\n","protected":false},"author":2,"featured_media":99388,"comment_status":"","ping_status":"","sticky":false,"template":"","format":"standard","meta":{"footnotes":""},"categories":[10],"tags":[27,28,15,16,14,25,26,21,22,12,13,19,20,32,23,24,33,17,18,29,30,31],"class_list":{"0":"post-99387","1":"post","2":"type-post","3":"status-publish","4":"format-standard","5":"has-post-thumbnail","7":"category-portugal","8":"tag-breaking-news","9":"tag-breakingnews","10":"tag-featured-news","11":"tag-featurednews","12":"tag-headlines","13":"tag-latest-news","14":"tag-latestnews","15":"tag-main-news","16":"tag-mainnews","17":"tag-news","18":"tag-noticias","19":"tag-noticias-principais","20":"tag-noticiasprincipais","21":"tag-portugal","22":"tag-principais-noticias","23":"tag-principaisnoticias","24":"tag-pt","25":"tag-top-stories","26":"tag-topstories","27":"tag-ultimas","28":"tag-ultimas-noticias","29":"tag-ultimasnoticias"},"share_on_mastodon":{"url":"","error":""},"_links":{"self":[{"href":"https:\/\/www.europesays.com\/pt\/wp-json\/wp\/v2\/posts\/99387","targetHints":{"allow":["GET"]}}],"collection":[{"href":"https:\/\/www.europesays.com\/pt\/wp-json\/wp\/v2\/posts"}],"about":[{"href":"https:\/\/www.europesays.com\/pt\/wp-json\/wp\/v2\/types\/post"}],"author":[{"embeddable":true,"href":"https:\/\/www.europesays.com\/pt\/wp-json\/wp\/v2\/users\/2"}],"replies":[{"embeddable":true,"href":"https:\/\/www.europesays.com\/pt\/wp-json\/wp\/v2\/comments?post=99387"}],"version-history":[{"count":0,"href":"https:\/\/www.europesays.com\/pt\/wp-json\/wp\/v2\/posts\/99387\/revisions"}],"wp:featuredmedia":[{"embeddable":true,"href":"https:\/\/www.europesays.com\/pt\/wp-json\/wp\/v2\/media\/99388"}],"wp:attachment":[{"href":"https:\/\/www.europesays.com\/pt\/wp-json\/wp\/v2\/media?parent=99387"}],"wp:term":[{"taxonomy":"category","embeddable":true,"href":"https:\/\/www.europesays.com\/pt\/wp-json\/wp\/v2\/categories?post=99387"},{"taxonomy":"post_tag","embeddable":true,"href":"https:\/\/www.europesays.com\/pt\/wp-json\/wp\/v2\/tags?post=99387"}],"curies":[{"name":"wp","href":"https:\/\/api.w.org\/{rel}","templated":true}]}}