{"id":99389,"date":"2025-10-06T07:34:21","date_gmt":"2025-10-06T07:34:21","guid":{"rendered":"https:\/\/www.europesays.com\/pt\/99389\/"},"modified":"2025-10-06T07:34:21","modified_gmt":"2025-10-06T07:34:21","slug":"hansi-flick-assume-que-lamine-yamal-pode-falhar-o-el-clasico","status":"publish","type":"post","link":"https:\/\/www.europesays.com\/pt\/99389\/","title":{"rendered":"Hansi Flick assume que Lamine Yamal pode falhar o El Cl\u00e1sico"},"content":{"rendered":"<p><strong>Hansi Flick, revelou que Lamine Yamal teve uma reca\u00edda da sua les\u00e3o na zona p\u00fabica, que o poder\u00e1 afastar dos relvados at\u00e9 depois do El Cl\u00e1sico. <\/strong><\/p>\n<p>Lamine Yamal foi um dos temas centrais da confer\u00eancia de imprensa de Hansi Flick, em antevis\u00e3o \u00e0 oitava jornada da La Liga, frente ao Sevilha. O treinador alem\u00e3o revelou que houve uma<a href=\"https:\/\/bolanarede.pt\/especial-bola-na-rede\/atualidade\/barcelona-revela-detalhes-da-lesao-de-lamine-yamal-e-esclarece-tempos-da-nova-paragem\/\" rel=\"nofollow noopener\" target=\"_blank\"> reca\u00edda na les\u00e3o<\/a> que o afastar\u00e1 dos relvados durante um per\u00edodo de duas ou tr\u00eas semana, fazendo com que seja poss\u00edvel que falhe o embate frente ao Real Madrid.<\/p>\n<p>Hansi Flick come\u00e7ou por falar sobre a gest\u00e3o da situa\u00e7\u00e3o f\u00edsica de <a href=\"https:\/\/bolanarede.pt\/etiqueta\/lamine-yamal\/\" target=\"_blank\" rel=\"noreferrer noopener nofollow\">Lamine Yamal<\/a>: <\/p>\n<p>\u00abFalei com ele esta manh\u00e3. Convers\u00e1mos. E dissemos-lhe como podemos ajud\u00e1-lo. Todos sabem da sua qualidade, mas \u00e9 minha responsabilidade dar-lhe minutos de jogo quando ele voltar. E \u00e9 o que farei. Se os jogadores n\u00e3o est\u00e3o a cem por cento, concentram-se nos seus pontos fortes, e com a bola ele \u00e9 incr\u00edvel, mas tamb\u00e9m \u00e9 preciso estar bem sem a bola. \u00c9 preciso gerir bem os minutos\u00bb.<\/p>\n<p>De seguida, quando questionado sobre uma poss\u00edvel data de retorno: <\/p>\n<p>\u00abN\u00e3o sabemos quando ele vai voltar\u2026 com esta les\u00e3o n\u00e3o \u00e9 f\u00e1cil, n\u00e3o \u00e9 uma les\u00e3o muscular. N\u00e3o sabemos se vai demorar duas, tr\u00eas ou quatro semanas. N\u00e3o sei se ele vai estar pronto para o El Cl\u00e1ssico. \u00c9 preciso gerir os minutos. Ele vai trabalhar com a equipa de recupera\u00e7\u00e3o. Vai dar um passo de cada vez. Vamos ver como evolui.\u00bb<\/p>\n<p>Lamine Yamal ir\u00e1, assim, ser for\u00e7ado a fazer uma pausa prolongada, depois de conseguir dois golos e tr\u00eas assist\u00eancias em cinco jogos pelos catal\u00e3es esta temporada. <\/p>\n<p>O Barcelona, atualmente na <a href=\"https:\/\/bolanarede.pt\/especial-bola-na-rede\/atualidade\/barcelona-vence-real-sociedad-com-reviravolta-e-e-o-novo-lider-da-la-liga\/\" target=\"_blank\" rel=\"noreferrer noopener nofollow\">lideran\u00e7a da La Liga com 19 pontos<\/a>, v\u00e3o procurar manter-se nesta posi\u00e7\u00e3o no pr\u00f3ximo domingo, dia 5 de outubro, frente ao Sevilha. O El Cl\u00e1sico ser\u00e1 no dia 26 de outubro, na d\u00e9cima jornada.<\/p>\n","protected":false},"excerpt":{"rendered":"Hansi Flick, revelou que Lamine Yamal teve uma reca\u00edda da sua les\u00e3o na zona p\u00fabica, que o poder\u00e1&hellip;\n","protected":false},"author":2,"featured_media":99390,"comment_status":"","ping_status":"","sticky":false,"template":"","format":"standard","meta":{"footnotes":""},"categories":[87],"tags":[260,1235,135,7914,5705,7912,32,33,2007,134],"class_list":{"0":"post-99389","1":"post","2":"type-post","3":"status-publish","4":"format-standard","5":"has-post-thumbnail","7":"category-desporto","8":"tag-atualidade","9":"tag-barcelona","10":"tag-desporto","11":"tag-hansi-flick","12":"tag-la-liga","13":"tag-lamine-yamal","14":"tag-portugal","15":"tag-pt","16":"tag-real-madrid","17":"tag-sports"},"share_on_mastodon":{"url":"","error":""},"_links":{"self":[{"href":"https:\/\/www.europesays.com\/pt\/wp-json\/wp\/v2\/posts\/99389","targetHints":{"allow":["GET"]}}],"collection":[{"href":"https:\/\/www.europesays.com\/pt\/wp-json\/wp\/v2\/posts"}],"about":[{"href":"https:\/\/www.europesays.com\/pt\/wp-json\/wp\/v2\/types\/post"}],"author":[{"embeddable":true,"href":"https:\/\/www.europesays.com\/pt\/wp-json\/wp\/v2\/users\/2"}],"replies":[{"embeddable":true,"href":"https:\/\/www.europesays.com\/pt\/wp-json\/wp\/v2\/comments?post=99389"}],"version-history":[{"count":0,"href":"https:\/\/www.europesays.com\/pt\/wp-json\/wp\/v2\/posts\/99389\/revisions"}],"wp:featuredmedia":[{"embeddable":true,"href":"https:\/\/www.europesays.com\/pt\/wp-json\/wp\/v2\/media\/99390"}],"wp:attachment":[{"href":"https:\/\/www.europesays.com\/pt\/wp-json\/wp\/v2\/media?parent=99389"}],"wp:term":[{"taxonomy":"category","embeddable":true,"href":"https:\/\/www.europesays.com\/pt\/wp-json\/wp\/v2\/categories?post=99389"},{"taxonomy":"post_tag","embeddable":true,"href":"https:\/\/www.europesays.com\/pt\/wp-json\/wp\/v2\/tags?post=99389"}],"curies":[{"name":"wp","href":"https:\/\/api.w.org\/{rel}","templated":true}]}}