{"id":99395,"date":"2025-10-06T07:48:12","date_gmt":"2025-10-06T07:48:12","guid":{"rendered":"https:\/\/www.europesays.com\/pt\/99395\/"},"modified":"2025-10-06T07:48:12","modified_gmt":"2025-10-06T07:48:12","slug":"piastri-vai-discutir-incidente-com-norris-com-a-mclaren","status":"publish","type":"post","link":"https:\/\/www.europesays.com\/pt\/99395\/","title":{"rendered":"Piastri vai discutir incidente com Norris com a McLaren"},"content":{"rendered":"<p>O l\u00edder do campeonato de F\u00f3rmula 1, Oscar Piastri, abordou hoje com grande cautela o incidente com o seu colega de equipa Lando Norris na terceira curva, ap\u00f3s o arranque do Grande Pr\u00e9mio de Singapura.<\/p>\n<p>Durante a corrida, via r\u00e1dio, Piastri soou bastante irritado, chegando a questionar se j\u00e1 era aceit\u00e1vel Lando embater nele em pista. Contudo, perante os meios de comunica\u00e7\u00e3o, a sua postura foi bem mais contida.<\/p>\n<p>Lando Norris e Oscar Piastri terminaram hoje em terceiro e quarto lugares, respetivamente, garantindo \u00e0 McLaren o segundo t\u00edtulo mundial consecutivo de construtores nas \u00faltimas duas temporadas.<\/p>\n","protected":false},"excerpt":{"rendered":"O l\u00edder do campeonato de F\u00f3rmula 1, Oscar Piastri, abordou hoje com grande cautela o incidente com o&hellip;\n","protected":false},"author":2,"featured_media":99396,"comment_status":"","ping_status":"","sticky":false,"template":"","format":"standard","meta":{"footnotes":""},"categories":[87],"tags":[135,32,33,134],"class_list":{"0":"post-99395","1":"post","2":"type-post","3":"status-publish","4":"format-standard","5":"has-post-thumbnail","7":"category-desporto","8":"tag-desporto","9":"tag-portugal","10":"tag-pt","11":"tag-sports"},"share_on_mastodon":{"url":"","error":""},"_links":{"self":[{"href":"https:\/\/www.europesays.com\/pt\/wp-json\/wp\/v2\/posts\/99395","targetHints":{"allow":["GET"]}}],"collection":[{"href":"https:\/\/www.europesays.com\/pt\/wp-json\/wp\/v2\/posts"}],"about":[{"href":"https:\/\/www.europesays.com\/pt\/wp-json\/wp\/v2\/types\/post"}],"author":[{"embeddable":true,"href":"https:\/\/www.europesays.com\/pt\/wp-json\/wp\/v2\/users\/2"}],"replies":[{"embeddable":true,"href":"https:\/\/www.europesays.com\/pt\/wp-json\/wp\/v2\/comments?post=99395"}],"version-history":[{"count":0,"href":"https:\/\/www.europesays.com\/pt\/wp-json\/wp\/v2\/posts\/99395\/revisions"}],"wp:featuredmedia":[{"embeddable":true,"href":"https:\/\/www.europesays.com\/pt\/wp-json\/wp\/v2\/media\/99396"}],"wp:attachment":[{"href":"https:\/\/www.europesays.com\/pt\/wp-json\/wp\/v2\/media?parent=99395"}],"wp:term":[{"taxonomy":"category","embeddable":true,"href":"https:\/\/www.europesays.com\/pt\/wp-json\/wp\/v2\/categories?post=99395"},{"taxonomy":"post_tag","embeddable":true,"href":"https:\/\/www.europesays.com\/pt\/wp-json\/wp\/v2\/tags?post=99395"}],"curies":[{"name":"wp","href":"https:\/\/api.w.org\/{rel}","templated":true}]}}