{"id":99399,"date":"2025-10-06T07:51:11","date_gmt":"2025-10-06T07:51:11","guid":{"rendered":"https:\/\/www.europesays.com\/pt\/99399\/"},"modified":"2025-10-06T07:51:11","modified_gmt":"2025-10-06T07:51:11","slug":"criadas-condicoes-ineditas-para-detetar-eventos-ultra-raros","status":"publish","type":"post","link":"https:\/\/www.europesays.com\/pt\/99399\/","title":{"rendered":"criadas condi\u00e7\u00f5es in\u00e9ditas para detetar eventos ultra-raros"},"content":{"rendered":"<p class=\"wp-caption-text top\"><a href=\"https:\/\/www.canva.com\/photos\/MADmTFTrZQo-f011-3972\/\" rel=\"nofollow external noopener noreferrer\" data-wpel-link=\"external\" target=\"_blank\" class=\"ext-link\">Image Team \/ Canva<\/a><\/p>\n<p><img decoding=\"async\" loading=\"lazy\" class=\"size-kopa-image-size-3 wp-image-281766\" src=\"https:\/\/www.europesays.com\/pt\/wp-content\/uploads\/2025\/10\/2ed6496fc92492560209d79ab9e33b53-783x450.jpg\" alt=\"\" width=\"700\" height=\"402\"  \/><\/p>\n<p><strong>Portugueses atingem avan\u00e7o tecnol\u00f3gico. Um \u201cresultado hist\u00f3rico\u201d, uma sensibilidade sem precedentes na dete\u00e7\u00e3o de mat\u00e9ria escura.<\/strong><\/p>\n<p>Um avan\u00e7o tecnol\u00f3gico que \u00e9 descrito como <strong>\u201cresultado hist\u00f3rico\u201d<\/strong> na investiga\u00e7\u00e3o cient\u00edfica.<\/p>\n<p>Em causa est\u00e1 um sistema com um n\u00edvel de<strong> sensibilidade sem precedentes na dete\u00e7\u00e3o de mat\u00e9ria escura.<\/strong><\/p>\n<p>E tem toque portugu\u00eas: a equipa \u00e9 do Laborat\u00f3rio de Instrumenta\u00e7\u00e3o, Engenharia Biom\u00e9dica e F\u00edsica da Radia\u00e7\u00e3o (LIBPhys) da Faculdade de Ci\u00eancias e Tecnologia da Universidade de Coimbra (FCTUC).<\/p>\n<p>O <a href=\"https:\/\/arxiv.org\/abs\/2502.04209\" data-wpel-link=\"external\" target=\"_blank\" rel=\"nofollow external noopener noreferrer\" class=\"ext-link\">estudo<\/a> conseguiu a <strong>melhor purifica\u00e7\u00e3o do is\u00f3topo radioativo 222 de Rad\u00e3o (222Rn) da hist\u00f3ria<\/strong>. Baixou a sua concentra\u00e7\u00e3o a 430 \u00e1tomos por tonelada de alvo de x\u00e9non l\u00edquido, um valor 5 vezes inferior ao obtido por outras experi\u00eancias que usam a mesma tecnologia.<\/p>\n<p>Esta investiga\u00e7\u00e3o surge dentro da experi\u00eancia internacional <strong>XENONnT,<\/strong> criada para a dete\u00e7\u00e3o direta de mat\u00e9ria escura. O projeto est\u00e1 instalado no laborat\u00f3rio subterr\u00e2neo de Gran Sasso (It\u00e1lia), debaixo de 1300 metros de rocha \u2013 para reduzir os n\u00edveis de radia\u00e7\u00e3o c\u00f3smica drasticamente em rela\u00e7\u00e3o aos que existem \u00e0 superf\u00edcie do nosso planeta. O sistema usa como alvo seis toneladas de x\u00e9non ultra-purificado.<\/p>\n<p>\u201cUma radia\u00e7\u00e3o ao passar pelo alvo pode produzir, em geral, sinais \u00ednfimos de luz e carga. A esmagadora maioria destes sinais (mais de 99,99%) devem-se a radia\u00e7\u00f5es de origem conhecida, o que permite aos cientistas calcular com grande precis\u00e3o o n\u00famero de eventos esperados\u201d, descreve Jos\u00e9 Matias-Lopes, coordenador da equipa portuguesa, em comunicado enviado ao ZAP.<\/p>\n<p>O requisito mais importante para medir eventos t\u00e3o raros como os dos <strong>neutrinos<\/strong> e da <strong>mat\u00e9ria escura<\/strong> \u00e9 que o alvo tenha o<strong> n\u00edvel mais baixo poss\u00edvel de radia\u00e7\u00e3o<\/strong> (radia\u00e7\u00e3o de fundo), para que possa distinguir o que se pretende medir.<\/p>\n<p>Para conseguir alcan\u00e7ar tal meta, tecnicamente t\u00e3o exigente, todos os tipos de fontes de radia\u00e7\u00e3o contam, incluindo at\u00e9 a presente no pr\u00f3prio alvo de x\u00e9non e a que prov\u00e9m dos materiais de que \u00e9 constru\u00eddo o sistema de dete\u00e7\u00e3o (XENONnT).<\/p>\n<p>Jos\u00e9 Matias-Lopes explicou que o XENONnT conseguiu reduzir o n\u00edvel de contamina\u00e7\u00e3o do is\u00f3topo 222Rn para n\u00edveis sem precedentes \u2013 gra\u00e7as a uma<strong> coluna de destila\u00e7\u00e3o com um sistema inovador de bomba de calor criog\u00e9nica<\/strong>, especialmente desenvolvida para o efeito pelos especialistas envolvidos.<\/p>\n<p>\u00abTodos os materiais usados no XENONnT foram cuidadosamente selecionados (at\u00e9 o mais pequeno dos parafusos) para terem o mais baixo n\u00edvel poss\u00edvel de radia\u00e7\u00e3o\u00bb, continua o investigador.<\/p>\n<p>O XENONnT tem como alvo o local do planeta Terra com a menor radia\u00e7\u00e3o de fundo de toda a hist\u00f3ria da Humanidade. \u00c9 o<strong> in\u00edcio de uma nova era na dete\u00e7\u00e3o da mat\u00e9ria escura<\/strong>, por iniciar a dete\u00e7\u00e3o do nevoeiro de neutrinos, onde coexistem com a mat\u00e9ria escura, que, por serem quase indistingu\u00edveis, dificulta a sua dete\u00e7\u00e3o.<\/p>\n<p>O n\u00edvel extraordinariamente baixo de radia\u00e7\u00e3o alcan\u00e7ado neste sistema tamb\u00e9m permite<strong> estudar um grande n\u00famero de fen\u00f3menos particularmente raros<\/strong>: intera\u00e7\u00e3o de mat\u00e9ria escura na forma de axi\u00f5es solares, de part\u00edculas an\u00e1logas aos axi\u00f5es, neutrinos com momento magn\u00e9tico an\u00f3malo e dete\u00e7\u00e3o por dispers\u00e3o el\u00e1stica coerente neutrino-n\u00facleo.<\/p>\n<p>O investigador Jos\u00e9 Matias-Lopes explica que, atrav\u00e9s destas condi\u00e7\u00f5es, o XENONnT \u201cpoder\u00e1<strong> realizar medi\u00e7\u00f5es de neutrinos com alta precis\u00e3o e pesquisas de eventos extremamente raros<\/strong>, como o duplo decaimento beta dos is\u00f3topos 124 e 126 de X\u00e9non\u201d.<\/p>\n<p>Para al\u00e9m disso, poder\u00e1 continuar a \u201ctestar a exist\u00eancia de um n\u00famero alargado de <strong>candidatos de mat\u00e9ria escura<\/strong>, incluindo as part\u00edculas massivas de intera\u00e7\u00e3o muito fraca, at\u00e9 ao limite do nevoeiro de neutrinos\u201d.<\/p>\n<p>    <a href=\"https:\/\/zap.aeiou.pt\/subscrever-newsletter\" data-wpel-link=\"internal\" rel=\"nofollow noopener\" target=\"_blank\">&#13;<br \/>\n        <img loading=\"lazy\" decoding=\"async\" class=\"aligncenter size-full wp-image-575475\" src=\"https:\/\/www.europesays.com\/pt\/wp-content\/uploads\/2025\/10\/1759488252_901_2d51fe4a0ba54894421ead1809309ed9-1-450x140.jpg\" alt=\"Subscreva a Newsletter ZAP\" width=\"450\" height=\"140\"\/>&#13;<br \/>\n    <\/a><\/p>\n<p>                <a href=\"https:\/\/whatsapp.com\/channel\/0029VaIC4EE2f3EJZPPSbR34\" data-wpel-link=\"external\" target=\"_blank\" rel=\"nofollow external noopener noreferrer\" class=\"ext-link\">&#13;<br \/>\n                    <img loading=\"lazy\" decoding=\"async\" class=\"aligncenter size-full wp-image-575475\" src=\"https:\/\/www.europesays.com\/pt\/wp-content\/uploads\/2025\/10\/1759488253_967_c68c559d956d4ca20f435ed74a6e71e6.png\" alt=\"Siga-nos no WhatsApp\" width=\"175\" height=\"64\"\/>&#13;<br \/>\n                <\/a><\/p>\n<p>                <a href=\"https:\/\/news.google.com\/publications\/CAAiEHRwZondIV71PDjWNoqMduEqFAgKIhB0cGaJ3SFe9Tw41jaKjHbh?hl=en-US&amp;gl=US&amp;ceid=US%3Aen\" data-wpel-link=\"external\" target=\"_blank\" rel=\"nofollow external noopener noreferrer\" class=\"ext-link\">&#13;<br \/>\n                    <img loading=\"lazy\" decoding=\"async\" class=\"aligncenter size-full wp-image-575475\" src=\"https:\/\/www.europesays.com\/pt\/wp-content\/uploads\/2025\/10\/1759488253_371_5123dd8b087b644fdb8f8603acd1bad4.png\" alt=\"Siga-nos no Google News\" width=\"176\" height=\"64\"\/>&#13;<br \/>\n                <\/a><\/p>\n","protected":false},"excerpt":{"rendered":"Image Team \/ Canva Portugueses atingem avan\u00e7o tecnol\u00f3gico. Um \u201cresultado hist\u00f3rico\u201d, uma sensibilidade sem precedentes na dete\u00e7\u00e3o de&hellip;\n","protected":false},"author":2,"featured_media":99400,"comment_status":"","ping_status":"","sticky":false,"template":"","format":"standard","meta":{"footnotes":""},"categories":[84],"tags":[109,107,108,2270,1347,121,32,33,10901,105,103,104,106,110],"class_list":{"0":"post-99399","1":"post","2":"type-post","3":"status-publish","4":"format-standard","5":"has-post-thumbnail","7":"category-ciencia-e-tecnologia","8":"tag-ciencia","9":"tag-ciencia-e-tecnologia","10":"tag-cienciaetecnologia","11":"tag-energia","12":"tag-estudo","13":"tag-fisica","14":"tag-portugal","15":"tag-pt","16":"tag-radiacao","17":"tag-science","18":"tag-science-and-technology","19":"tag-scienceandtechnology","20":"tag-technology","21":"tag-tecnologia"},"share_on_mastodon":{"url":"","error":""},"_links":{"self":[{"href":"https:\/\/www.europesays.com\/pt\/wp-json\/wp\/v2\/posts\/99399","targetHints":{"allow":["GET"]}}],"collection":[{"href":"https:\/\/www.europesays.com\/pt\/wp-json\/wp\/v2\/posts"}],"about":[{"href":"https:\/\/www.europesays.com\/pt\/wp-json\/wp\/v2\/types\/post"}],"author":[{"embeddable":true,"href":"https:\/\/www.europesays.com\/pt\/wp-json\/wp\/v2\/users\/2"}],"replies":[{"embeddable":true,"href":"https:\/\/www.europesays.com\/pt\/wp-json\/wp\/v2\/comments?post=99399"}],"version-history":[{"count":0,"href":"https:\/\/www.europesays.com\/pt\/wp-json\/wp\/v2\/posts\/99399\/revisions"}],"wp:featuredmedia":[{"embeddable":true,"href":"https:\/\/www.europesays.com\/pt\/wp-json\/wp\/v2\/media\/99400"}],"wp:attachment":[{"href":"https:\/\/www.europesays.com\/pt\/wp-json\/wp\/v2\/media?parent=99399"}],"wp:term":[{"taxonomy":"category","embeddable":true,"href":"https:\/\/www.europesays.com\/pt\/wp-json\/wp\/v2\/categories?post=99399"},{"taxonomy":"post_tag","embeddable":true,"href":"https:\/\/www.europesays.com\/pt\/wp-json\/wp\/v2\/tags?post=99399"}],"curies":[{"name":"wp","href":"https:\/\/api.w.org\/{rel}","templated":true}]}}