{"id":9940,"date":"2025-07-31T11:11:10","date_gmt":"2025-07-31T11:11:10","guid":{"rendered":"https:\/\/www.europesays.com\/pt\/9940\/"},"modified":"2025-07-31T11:11:10","modified_gmt":"2025-07-31T11:11:10","slug":"tesla-deixou-de-receber-encomendas-do-model-s-x-na-europa-consumidores-perderam-o-interesse-ou-e-falta-de-stock-computadores","status":"publish","type":"post","link":"https:\/\/www.europesays.com\/pt\/9940\/","title":{"rendered":"Tesla deixou de receber encomendas do Model S\/X na Europa: Consumidores perderam o interesse ou \u00e9 falta de stock? &#8211; Computadores"},"content":{"rendered":"<p>O lan\u00e7amento de novas vers\u00f5es dos modelos da Tesla, pode significar que a marca deixe de receber encomendas por alguns per\u00edodos de tempo. Uma forma de escoar as vers\u00f5es anteriores para a reposi\u00e7\u00e3o dos novos. Isso poder\u00e1 estar a acontecer com os Model S e X, que na Europa deixaram de poder ser encomendados. <strong>A <\/strong><strong><a href=\"https:\/\/electrek.co\/2025\/07\/30\/tesla-stops-taking-model-s-x-orders-in-europe\/\" target=\"_blank\" rel=\"noopener noreferrer nofollow\">Electrek<\/a> d\u00e1 conta de que em 2021, seguindo-se a atualiza\u00e7\u00e3o dos Model S\/X, durante um longo per\u00edodo de tempo, a Tesla deixou de receber novas encomendas na Europa entre dezembro de 2021 a agosto de 2022.\u00a0<\/strong><\/p>\n<p>No passado m\u00eas de junho, a empresa de Elon Musk apresentou novos modelos atualizados do Model S\/X e agora em julho voltou a bloquear as encomendas dos respectivos autom\u00f3veis na Europa. Segundo destaca a <a href=\"https:\/\/mashable.com\/article\/tesla-model-x-model-s-europe-orders\" target=\"_blank\" rel=\"noopener noreferrer nofollow\">Mashable<\/a>, os websites da marca para os <strong>mercados de It\u00e1lia, Alemanha, Fran\u00e7a, Espanha e Cro\u00e1cia, j\u00e1 n\u00e3o \u00e9 poss\u00edvel utilizar o configurador dos modelos, mas sim adquirir vers\u00f5es de stock. apenas os Model 3 e o Model Y permitem ser configurados e encomendados nestes mercados.\u00a0<\/strong><\/p>\n<p>O TEK Not\u00edcias confirma que o mesmo se passa na <strong>plataforma da <\/strong><strong><a href=\"https:\/\/www.tesla.com\/pt_pt\" target=\"_blank\" rel=\"noopener noreferrer nofollow\">Tesla Portugal<\/a><\/strong><strong>, onde os Model S\/X apenas t\u00eam como oferta ve\u00edculos de invent\u00e1rio<\/strong>, enquanto o Model 3 e Y podem ser configurados e encomendados.\u00a0<\/p>\n<p>  <a href=\"https:\/\/mb.web.sapo.io\/5f8efb16fc236a6384a09d32581c7a90e905ae87.jpg\" title=\"Tesla Portugal\" data-ps-trigger=\"\" data-index=\"1\" data-ps-single-photo=\"true\" target=\"_blank\" rel=\"nofollow noopener\">  Tesla Portugal&#8221; data-title=&#8221;Tesla Portugal &#8211; Tesla deixou de receber encomendas do Model S\/X na Europa: Consumidores perderam o interesse ou \u00e9 falta de stock? &#8211; Tek Not\u00edcias&#8221;&gt;                <img decoding=\"async\" src=\"https:\/\/www.europesays.com\/pt\/wp-content\/uploads\/2025\/07\/h+uSe9VG66eeLK3X+7mxHN71m2RYkvmVt6yvP28TUgdyRn3UvNbPVjANHsPs=.jpeg\" alt=\"Tesla Portugal\" title=\"Tesla Portugal\"\/>   <\/a>     Tesla Portugal       <\/p>\n<p>Ainda n\u00e3o se sabe ao certo a raz\u00e3o da marca deixar de receber encomendas, mas a Electrek avan\u00e7a que poder\u00e1 tratar-se de problemas de fornecimento. <strong>Isto porque a fabricante apenas produz estes modelos na sua f\u00e1brica de Fremont, na Calif\u00f3rnia, e poder\u00e1 ter tido dificuldades na produ\u00e7\u00e3o das mais recentes vers\u00f5es.<\/strong> A Tesla reduziu a sua capacidade de produ\u00e7\u00e3o dos modelos devido \u00e0 diminui\u00e7\u00e3o da procura dos mesmos.<\/p>\n<p>Segundo a publica\u00e7\u00e3o, na Alemanha, que \u00e9 um dos principais mercados da Europa, <strong>no primeiro semestre do ano, a autoridade dos transportes motorizados do pa\u00eds registou apenas 58 novos Model S e 59 Model X.<\/strong> Considerando que o pa\u00eds de refer\u00eancia estava a vender uma m\u00e9dia de 10 modelos de cada por m\u00eas, a Tesla poder\u00e1 ter repensado a sua estrat\u00e9gia de distribui\u00e7\u00e3o e cancelado os modelos na Europa.\u00a0<\/p>\n<p><strong>Por outro lado, o cancelamento das reservas na Europa poder\u00e1 ser uma medida de recuperar stock, uma vez que na Calif\u00f3rnia, neste momento a espera desses modelos \u00e9 de dois meses<\/strong>. Dessa forma, apenas quando a capacidade para satisfazer a procura no mercado dos Estados Unidos estiver regularizada, a empresa poder\u00e1 voltar a abrir os pedidos na Europa, o que pode demorar v\u00e1rios meses, como aconteceu entre 2021\/22. <\/p>\n","protected":false},"excerpt":{"rendered":"O lan\u00e7amento de novas vers\u00f5es dos modelos da Tesla, pode significar que a marca deixe de receber encomendas&hellip;\n","protected":false},"author":2,"featured_media":9941,"comment_status":"","ping_status":"","sticky":false,"template":"","format":"standard","meta":{"footnotes":""},"categories":[83],"tags":[88,89,90,32,33],"class_list":{"0":"post-9940","1":"post","2":"type-post","3":"status-publish","4":"format-standard","5":"has-post-thumbnail","7":"category-empresas","8":"tag-business","9":"tag-economy","10":"tag-empresas","11":"tag-portugal","12":"tag-pt"},"share_on_mastodon":{"url":"","error":""},"_links":{"self":[{"href":"https:\/\/www.europesays.com\/pt\/wp-json\/wp\/v2\/posts\/9940","targetHints":{"allow":["GET"]}}],"collection":[{"href":"https:\/\/www.europesays.com\/pt\/wp-json\/wp\/v2\/posts"}],"about":[{"href":"https:\/\/www.europesays.com\/pt\/wp-json\/wp\/v2\/types\/post"}],"author":[{"embeddable":true,"href":"https:\/\/www.europesays.com\/pt\/wp-json\/wp\/v2\/users\/2"}],"replies":[{"embeddable":true,"href":"https:\/\/www.europesays.com\/pt\/wp-json\/wp\/v2\/comments?post=9940"}],"version-history":[{"count":0,"href":"https:\/\/www.europesays.com\/pt\/wp-json\/wp\/v2\/posts\/9940\/revisions"}],"wp:featuredmedia":[{"embeddable":true,"href":"https:\/\/www.europesays.com\/pt\/wp-json\/wp\/v2\/media\/9941"}],"wp:attachment":[{"href":"https:\/\/www.europesays.com\/pt\/wp-json\/wp\/v2\/media?parent=9940"}],"wp:term":[{"taxonomy":"category","embeddable":true,"href":"https:\/\/www.europesays.com\/pt\/wp-json\/wp\/v2\/categories?post=9940"},{"taxonomy":"post_tag","embeddable":true,"href":"https:\/\/www.europesays.com\/pt\/wp-json\/wp\/v2\/tags?post=9940"}],"curies":[{"name":"wp","href":"https:\/\/api.w.org\/{rel}","templated":true}]}}