{"id":9942,"date":"2025-07-31T11:12:07","date_gmt":"2025-07-31T11:12:07","guid":{"rendered":"https:\/\/www.europesays.com\/pt\/9942\/"},"modified":"2025-07-31T11:12:07","modified_gmt":"2025-07-31T11:12:07","slug":"kamala-harris-afasta-interesse-em-concorrer-ao-cargo-de-governadora-da-california-eua","status":"publish","type":"post","link":"https:\/\/www.europesays.com\/pt\/9942\/","title":{"rendered":"Kamala Harris afasta interesse em concorrer ao cargo de governadora da Calif\u00f3rnia | EUA"},"content":{"rendered":"<p>A ex-vice presidente dos Estados Unidos <a href=\"https:\/\/www.publico.pt\/2025\/05\/01\/mundo\/noticia\/kamala-harris-criticou-visao-egoista-trump-discurso-desde-saiu-casa-branca-2131595\" rel=\"nofollow noopener\" target=\"_blank\">Kamala Harris<\/a> anunciou que n\u00e3o ir\u00e1 concorrer ao cargo de governadora da Calif\u00f3rnia, algo que tinha admitido estar a ponderar depois da <a href=\"https:\/\/www.publico.pt\/2025\/01\/06\/mundo\/noticia\/sobressaltos-kamala-harris-confirmou-vitoria-eleitoral-donald-trump-2117813?ref=kamala-harris&amp;cx=page__content\" rel=\"nofollow noopener\" target=\"_blank\">derrota frente a Donald Trump<\/a> nas presidenciais de 2024.<\/p>\n<p>\u201cNos \u00faltimos seis meses, passei algum tempo a reflectir sobre este momento na hist\u00f3ria do nosso pa\u00eds e sobre a melhor forma de continuar a lutar pelo povo americano e a promover os valores e ideais que me s\u00e3o caros\u201d, afirmou Harris num comunicado divulgado pelo seu gabinete na quarta-feira.<\/p>\n<p>No comunicado citado pela Associated Press (AP), Harris diz que pensou \u201cseriamente em pedir ao povo da Calif\u00f3rnia o privil\u00e9gio de servir como sua governadora\u201d, mas que, \u201cap\u00f3s profunda reflex\u00e3o\u201d, decidiu n\u00e3o o fazer.<\/p>\n<p>A decis\u00e3o, segundo a AP, prolonga a especula\u00e7\u00e3o sobre o seu futuro pol\u00edtico, deixando em aberto a possibilidade de que a ex-vice de Joe Biden queira concorrer \u00e0s presidenciais de 2028.<\/p>\n<p>O New York Times (NYT) escreve que Kamala Harris entraria nas elei\u00e7\u00f5es prim\u00e1rias presidenciais de 2028 como a democrata mais reconhecida e com a mais ampla rede de angaria\u00e7\u00e3o de fundos, mas que, ao mesmo tempo, carregaria a bagagem de umas elei\u00e7\u00f5es que n\u00e3o trazem boas recorda\u00e7\u00f5es ao partido.<\/p>\n<p>Em 2024, <a href=\"https:\/\/www.publico.pt\/2024\/07\/21\/mundo\/noticia\/biden-desiste-corrida-presidencial-2098362\" rel=\"nofollow noopener\" target=\"_blank\">Harris substituiu Biden<\/a> na recta final da campanha, quando come\u00e7aram a surgir quest\u00f5es relacionadas com a idade e sa\u00fade do ent\u00e3o Presidente norte-americano, e acabou por perder em todos os chamados <a href=\"https:\/\/www.publico.pt\/2024\/11\/10\/mundo\/noticia\/trump-venceu-arizona-onda-vermelha-pintou-estados-decisivos-2111253\" rel=\"nofollow noopener\" target=\"_blank\">swing states<\/a>, os estados onde o resultado das elei\u00e7\u00f5es \u00e9 imprevis\u00edvel porque n\u00e3o existe um candidato que seja claramente favorito e que acabam por ser decisivos para os resultados.<\/p>\n<p>Se por um lado o futuro pol\u00edtico de Kamala Harris continua a ser uma inc\u00f3gnita, o NYT tamb\u00e9m destaca que os seus colegas democratas est\u00e3o h\u00e1 meses a preparar-se para um futuro em que n\u00e3o est\u00e3o a contar com ela: \u201cOs ambiciosos governadores, senadores e ex-funcion\u00e1rios da Administra\u00e7\u00e3o Biden j\u00e1 est\u00e3o a viajar pelo pa\u00eds, a gravar podcasts e a construir bases para lan\u00e7ar campanhas nacionais, que t\u00eam como objectivo deixar Harris e o ex-Presidente Joseph R. Biden Jr. para tr\u00e1s.\u201d<\/p>\n<p>Para um partido que procura reconquistar a confian\u00e7a dos eleitores da classe trabalhadora, Kamala Harris \u201cseria tudo menos um rosto novo\u201d.<\/p>\n<p>Citada pelo di\u00e1rio norte-americano, a ex-senadora da Calif\u00f3rnia Laphonza Butler, aliada e amiga de Harris, diz que n\u00e3o se devem \u201ctirar conclus\u00f5es precipitadas de que esta decis\u00e3o teve alguma coisa a ver com 2028\u201d, mas acrescenta que \u201ctodas as op\u00e7\u00f5es est\u00e3o em aberto, caso [Harris] queira concorrer novamente \u00e0 presid\u00eancia\u201d.<\/p>\n<p>O cargo de governador da Calif\u00f3rnia \u00e9 hoje <a href=\"https:\/\/www.publico.pt\/2025\/06\/11\/mundo\/noticia\/recolher-obrigatorio-centro-los-angeles-policia-faz-detencoes-massa-2136246\" rel=\"nofollow noopener\" target=\"_blank\">ocupado por Gavin Newsom<\/a>, que ganhou mediatismo depois do bra\u00e7o-de-ferro com a Casa Branca em Junho, desencadeado pelos protestos contra as deten\u00e7\u00f5es em massa de imigrantes e que resultaram em medidas extraordin\u00e1rias decretadas por Trump, como o envio de milhares de militares da Guarda Nacional e a mobiliza\u00e7\u00e3o de 700 elementos do Corpo de Fuzileiros da Marinha, para reprimir os manifestantes.<\/p>\n<p>H\u00e1 quem veja em Newsom, claro opositor de Donald Trump, um futuro candidato a representar os democratas na pr\u00f3xima corrida presidencial. O NYT menciona ainda outras figuras que poderiam rivalizar com Kamala Harris se esta decidisse concorrer, como o governador Tim Walz, do Minnesota, o governador Josh Shapiro, da Pensilv\u00e2nia, o governador Andy Beshear, do Kentucky, o governador Wes Moore, de Maryland, e o ex-secret\u00e1rio dos Transportes Pete Buttigieg.<\/p>\n","protected":false},"excerpt":{"rendered":"A ex-vice presidente dos Estados Unidos Kamala Harris anunciou que n\u00e3o ir\u00e1 concorrer ao cargo de governadora da&hellip;\n","protected":false},"author":2,"featured_media":9943,"comment_status":"","ping_status":"","sticky":false,"template":"","format":"standard","meta":{"footnotes":""},"categories":[50],"tags":[27,28,4425,92,2258,413,15,16,14,2958,25,26,21,22,62,12,13,19,20,23,24,17,18,29,30,31,63,64,65],"class_list":{"0":"post-9942","1":"post","2":"type-post","3":"status-publish","4":"format-standard","5":"has-post-thumbnail","7":"category-mundo","8":"tag-breaking-news","9":"tag-breakingnews","10":"tag-democratas","11":"tag-donald-trump","12":"tag-eleicoes","13":"tag-eua","14":"tag-featured-news","15":"tag-featurednews","16":"tag-headlines","17":"tag-kamala-harris","18":"tag-latest-news","19":"tag-latestnews","20":"tag-main-news","21":"tag-mainnews","22":"tag-mundo","23":"tag-news","24":"tag-noticias","25":"tag-noticias-principais","26":"tag-noticiasprincipais","27":"tag-principais-noticias","28":"tag-principaisnoticias","29":"tag-top-stories","30":"tag-topstories","31":"tag-ultimas","32":"tag-ultimas-noticias","33":"tag-ultimasnoticias","34":"tag-world","35":"tag-world-news","36":"tag-worldnews"},"share_on_mastodon":{"url":"","error":""},"_links":{"self":[{"href":"https:\/\/www.europesays.com\/pt\/wp-json\/wp\/v2\/posts\/9942","targetHints":{"allow":["GET"]}}],"collection":[{"href":"https:\/\/www.europesays.com\/pt\/wp-json\/wp\/v2\/posts"}],"about":[{"href":"https:\/\/www.europesays.com\/pt\/wp-json\/wp\/v2\/types\/post"}],"author":[{"embeddable":true,"href":"https:\/\/www.europesays.com\/pt\/wp-json\/wp\/v2\/users\/2"}],"replies":[{"embeddable":true,"href":"https:\/\/www.europesays.com\/pt\/wp-json\/wp\/v2\/comments?post=9942"}],"version-history":[{"count":0,"href":"https:\/\/www.europesays.com\/pt\/wp-json\/wp\/v2\/posts\/9942\/revisions"}],"wp:featuredmedia":[{"embeddable":true,"href":"https:\/\/www.europesays.com\/pt\/wp-json\/wp\/v2\/media\/9943"}],"wp:attachment":[{"href":"https:\/\/www.europesays.com\/pt\/wp-json\/wp\/v2\/media?parent=9942"}],"wp:term":[{"taxonomy":"category","embeddable":true,"href":"https:\/\/www.europesays.com\/pt\/wp-json\/wp\/v2\/categories?post=9942"},{"taxonomy":"post_tag","embeddable":true,"href":"https:\/\/www.europesays.com\/pt\/wp-json\/wp\/v2\/tags?post=9942"}],"curies":[{"name":"wp","href":"https:\/\/api.w.org\/{rel}","templated":true}]}}