{"id":99420,"date":"2025-10-06T08:17:12","date_gmt":"2025-10-06T08:17:12","guid":{"rendered":"https:\/\/www.europesays.com\/pt\/99420\/"},"modified":"2025-10-06T08:17:12","modified_gmt":"2025-10-06T08:17:12","slug":"alzheimer-pode-comecar-por-quatro-trajetorias-distintas-aponta-pesquisa","status":"publish","type":"post","link":"https:\/\/www.europesays.com\/pt\/99420\/","title":{"rendered":"Alzheimer pode come\u00e7ar por quatro trajet\u00f3rias distintas, aponta pesquisa"},"content":{"rendered":"<p>Por <\/p>\n<p>\t\t\t\tReda\u00e7\u00e3o R\u00e1dio Pampa\t<\/p>\n<p>\t\t\t\t | 5 de outubro de 2025<\/p>\n<p><img width=\"768\" height=\"421\" src=\"https:\/\/www.europesays.com\/pt\/wp-content\/uploads\/2025\/10\/galzheimsss.jpg\" class=\"webfeedsFeaturedVisual wp-post-image\" alt=\"\" style=\"display: block; margin: auto; margin-bottom: 5px;max-width: 100%;\" link_thumbnail=\"\" decoding=\"async\" loading=\"lazy\"  \/><\/p>\n<p>Detectar o Alzheimer antes que os sintomas se agravem sempre foi um dos maiores desafios da medicina. Agora, um estudo realizado por pesquisadores da Universidade da Calif\u00f3rnia em Los Angeles (UCLA), nos Estados Unidos, traz uma nova luz sobre essa quest\u00e3o ao identificar quatro caminhos distintos que podem levar ao desenvolvimento da doen\u00e7a.<\/p>\n<p>A pesquisa, publicada em julho na revista \u201ceBioMedicine\u201d, analisou mais de 25 mil registros m\u00e9dicos de sete mil pacientes e revelou que o Alzheimer n\u00e3o surge de um \u00fanico fator, mas sim de progress\u00f5es diferentes e complexas que se acumulam ao longo do tempo.<\/p>\n<p>Entre as trajet\u00f3rias mapeadas est\u00e3o:<\/p>\n<p>Transtornos de sa\u00fade mental<br \/>Encefalopatias (Doen\u00e7as que alteram o funcionamento ou a estrutura do c\u00e9rebro)<br \/>Comprometimento cognitivo leve<br \/>Doen\u00e7as vasculares<\/p>\n<p>Segundo os especialistas, entender esses percursos pode ser decisivo para melhorar o diagn\u00f3stico precoce e oferecer tratamentos mais eficazes, j\u00e1 que as terapias dispon\u00edveis funcionam melhor nos est\u00e1gios iniciais da doen\u00e7a.<\/p>\n<p>Esses caminhos n\u00e3o s\u00e3o isolados, mas sequenciais, como pe\u00e7as de um mesmo quebra-cabe\u00e7a que colaboram para que se formem os emaranhados de prote\u00ednas no c\u00e9rebro que acabam levando o \u00f3rg\u00e3o a perder suas capacidades funcionais.<\/p>\n<p>\u201cDescobrimos que trajet\u00f3rias em m\u00faltiplas etapas podem indicar maiores fatores de risco para a doen\u00e7a de Alzheimer do que condi\u00e7\u00f5es isoladas. Compreender essas trajet\u00f3rias pode mudar fundamentalmente como abordamos a detec\u00e7\u00e3o precoce e a preven\u00e7\u00e3o\u201d, afirmou o neurologista Mingzhou Fu, pesquisador da UCLA, primeiro autor do artigo, em comunicado \u00e0 imprensa.<\/p>\n<p>O estudo tamb\u00e9m constatou que a maioria dos fatores aparece em certa ordem, ressaltando seu efeito em cadeia, como uma trilha de domin\u00f3 em que a queda de uma das pe\u00e7as empurra a outra. Na pesquisa, por exemplo, aproximadamente 26% das progress\u00f5es diagn\u00f3sticas tiveram a hipertens\u00e3o aparecendo antes de epis\u00f3dios depressivos e do comprometimento cognitivo, por exemplo, mas os pesquisadores ressaltam que diferentes popula\u00e7\u00f5es parecem ser mais vulner\u00e1veis a diferentes rotas do Alzheimer.<\/p>\n<p>Para o neurologista Iron Dangoni Filho, coordenador do N\u00facleo de Excel\u00eancia em Mem\u00f3ria (NEMO) do Einstein Hospital Israelita em Goi\u00e2nia (GO), a ideia de quatro caminhos que levam \u00e0 doen\u00e7a pode permitir entender como o c\u00e9rebro vai perdendo suas linhas de defesa contra o Alzheimer perante os fatores de risco.<\/p>\n<p>\u201cEstes caminhos funcionam de forma integrada. Por exemplo, um paciente pode ter depress\u00e3o de longa data, que \u00e9 parte do caminho psiqui\u00e1trico, e ainda sofrer de hipertens\u00e3o ou de algum problema vascular. A mesma pessoa pode ter traumas intracranianos de repeti\u00e7\u00e3o, no lado encefalop\u00e1tico, e j\u00e1 estar em fase de esquecimento leve sem perda funcional, o caminho cognitivo. Quando esses fatores se somam, o risco de evolu\u00e7\u00e3o para dem\u00eancia de Alzheimer aumenta significativamente\u201d, explica o neurologista.<\/p>\n<p><strong>Quatro vias<\/strong><\/p>\n<p>O caminho psiqui\u00e1trico envolve transtornos de depress\u00e3o e ansiedade, que alteram neurotransmissores e aumentam o estresse cerebral. Esse processo leva a inflama\u00e7\u00e3o, desequil\u00edbrio hormonal e redu\u00e7\u00e3o de fatores de prote\u00e7\u00e3o neuronal, acelerando a manifesta\u00e7\u00e3o da dem\u00eancia.<\/p>\n<p>No caminho encefalop\u00e1tico, est\u00e3o condi\u00e7\u00f5es que afetam de forma difusa o c\u00e9rebro, como intoxica\u00e7\u00f5es, infec\u00e7\u00f5es e traumas repetitivos, que podem ser causados por esportes, idade e at\u00e9 por uso de subst\u00e2ncias t\u00f3xicas.<\/p>\n<p>Os sintomas incluem desaten\u00e7\u00e3o, lentifica\u00e7\u00e3o do pensamento e dificuldades de mem\u00f3ria e, quando persistem, aumentam a vulnerabilidade para Alzheimer.<\/p>\n<p>J\u00e1 a via vascular relaciona hipertens\u00e3o, diabetes, colesterol alto e doen\u00e7as card\u00edacas \u00e0 dem\u00eancia. \u201cEssas condi\u00e7\u00f5es reduzem a circula\u00e7\u00e3o adequada de sangue no c\u00e9rebro. Isso causa pequenas les\u00f5es que, ao longo dos anos, prejudicam as conex\u00f5es entre os neur\u00f4nios. Esse processo pode tanto acelerar o Alzheimer quanto gerar uma dem\u00eancia vascular que se mistura com ele, uma das principais causas de dem\u00eancia mistas, ou seja, da presen\u00e7a de mais de um fator que leva ao decl\u00ednio cognitivo\u201d, ressalta Iron.<\/p>\n<p>O comprometimento cognitivo leve, o \u00faltimo caminho, \u00e9 a zona de transi\u00e7\u00e3o entre um c\u00e9rebro saud\u00e1vel e aquele que est\u00e1 desenvolvendo dem\u00eancia. Neste estado, o paciente apresenta esquecimentos acima do esperado para a sua idade, mas mant\u00e9m a autonomia. O neurologista ressalta, por\u00e9m, que este caminho n\u00e3o \u00e9 irrevers\u00edvel e responde bem \u00e0s interven\u00e7\u00f5es feitas no momento certo.<\/p>\n<p>Iron diz que a partir do momento que se sabe da exist\u00eancia dos quatro caminhos, a aten\u00e7\u00e3o para preven\u00e7\u00e3o precoce redobra, uma vez que a maioria se trata de fatores modific\u00e1veis.<\/p>\n<p>\u201cQuando identificamos, por exemplo, que um paciente tem hipertens\u00e3o mal controlada, hist\u00f3rico de depress\u00e3o e sinais iniciais de comprometimento cognitivo, j\u00e1 buscamos agir cedo.\u201d<\/p>\n","protected":false},"excerpt":{"rendered":"Por Reda\u00e7\u00e3o R\u00e1dio Pampa | 5 de outubro de 2025 Detectar o Alzheimer antes que os sintomas se&hellip;\n","protected":false},"author":2,"featured_media":99421,"comment_status":"","ping_status":"","sticky":false,"template":"","format":"standard","meta":{"footnotes":""},"categories":[86],"tags":[116,32,33,117],"class_list":{"0":"post-99420","1":"post","2":"type-post","3":"status-publish","4":"format-standard","5":"has-post-thumbnail","7":"category-saude","8":"tag-health","9":"tag-portugal","10":"tag-pt","11":"tag-saude"},"share_on_mastodon":{"url":"","error":""},"_links":{"self":[{"href":"https:\/\/www.europesays.com\/pt\/wp-json\/wp\/v2\/posts\/99420","targetHints":{"allow":["GET"]}}],"collection":[{"href":"https:\/\/www.europesays.com\/pt\/wp-json\/wp\/v2\/posts"}],"about":[{"href":"https:\/\/www.europesays.com\/pt\/wp-json\/wp\/v2\/types\/post"}],"author":[{"embeddable":true,"href":"https:\/\/www.europesays.com\/pt\/wp-json\/wp\/v2\/users\/2"}],"replies":[{"embeddable":true,"href":"https:\/\/www.europesays.com\/pt\/wp-json\/wp\/v2\/comments?post=99420"}],"version-history":[{"count":0,"href":"https:\/\/www.europesays.com\/pt\/wp-json\/wp\/v2\/posts\/99420\/revisions"}],"wp:featuredmedia":[{"embeddable":true,"href":"https:\/\/www.europesays.com\/pt\/wp-json\/wp\/v2\/media\/99421"}],"wp:attachment":[{"href":"https:\/\/www.europesays.com\/pt\/wp-json\/wp\/v2\/media?parent=99420"}],"wp:term":[{"taxonomy":"category","embeddable":true,"href":"https:\/\/www.europesays.com\/pt\/wp-json\/wp\/v2\/categories?post=99420"},{"taxonomy":"post_tag","embeddable":true,"href":"https:\/\/www.europesays.com\/pt\/wp-json\/wp\/v2\/tags?post=99420"}],"curies":[{"name":"wp","href":"https:\/\/api.w.org\/{rel}","templated":true}]}}