{"id":99454,"date":"2025-10-06T09:00:54","date_gmt":"2025-10-06T09:00:54","guid":{"rendered":"https:\/\/www.europesays.com\/pt\/99454\/"},"modified":"2025-10-06T09:00:54","modified_gmt":"2025-10-06T09:00:54","slug":"chelsea-define-preco-de-enzo-fernandez-e-sao-muitos-milhoes","status":"publish","type":"post","link":"https:\/\/www.europesays.com\/pt\/99454\/","title":{"rendered":"Chelsea define pre\u00e7o de Enzo Fern\u00e1ndez e s\u00e3o muitos milh\u00f5es"},"content":{"rendered":"<p><strong>O Chelsea quer receber pelo menos 122 milh\u00f5es de euros por Enzo Fern\u00e1ndez. M\u00e9dio argentino foi associado ao Real Madrid.<\/strong><\/p>\n<p>O Chelsea quer receber, pelo menos, 122 milh\u00f5es de euros por Enzo Fern\u00e1ndez, o mesmo valor que ofereceu ao Benfica h\u00e1 dois anos. A garantia \u00e9 dada pelo TEAMtalk, que indica interesse do Real Madrid.<\/p>\n<p>A mesma fonte refere que o Chelsea, que est\u00e1 aberto a ofertas pelo m\u00e9dio argentino, j\u00e1 avisou o Real Madrid que ter\u00e1 de pagar mais do que 122 milh\u00f5es de euros. Enzo Fern\u00e1ndez \u00e9 visto como uma pe\u00e7a fundamental para os Blues.<\/p>\n<p>Atualmente, Enzo Fern\u00e1ndez tem contrato v\u00e1lido com o Chelsea at\u00e9 ao ver\u00e3o de 2031. <\/p>\n<blockquote class=\"twitter-tweet\" data-width=\"550\" data-dnt=\"true\">\n<p lang=\"en\" dir=\"ltr\">\ud83d\udea8 Chelsea are open to offers for Enzo Fern\u00e1ndez but have warned Real Madrid they will have to pay more than the \u00a3106.8M they paid to sign him two years ago. <\/p>\n<p>(Source: <a href=\"https:\/\/twitter.com\/TEAMtalk?ref_src=twsrc%5Etfw\" rel=\"nofollow noopener\" target=\"_blank\">@TEAMtalk<\/a>) <a href=\"https:\/\/t.co\/v0EtgVaFdc\" rel=\"nofollow\">pic.twitter.com\/v0EtgVaFdc<\/a><\/p>\n<p>&mdash; Transfer News Live (@DeadlineDayLive) <a href=\"https:\/\/twitter.com\/DeadlineDayLive\/status\/1973148096616931369?ref_src=twsrc%5Etfw\" rel=\"nofollow noopener\" target=\"_blank\">September 30, 2025<\/a><\/p><\/blockquote>\n<p><script async src=\"https:\/\/platform.twitter.com\/widgets.js\" charset=\"utf-8\"><\/script>\n<\/p>\n<p><script async src=\"https:\/\/platform.twitter.com\/widgets.js\" charset=\"utf-8\"><\/script><\/p>\n","protected":false},"excerpt":{"rendered":"O Chelsea quer receber pelo menos 122 milh\u00f5es de euros por Enzo Fern\u00e1ndez. M\u00e9dio argentino foi associado ao&hellip;\n","protected":false},"author":2,"featured_media":99455,"comment_status":"","ping_status":"","sticky":false,"template":"","format":"standard","meta":{"footnotes":""},"categories":[87],"tags":[260,51,904,135,24353,32,33,2007,134],"class_list":{"0":"post-99454","1":"post","2":"type-post","3":"status-publish","4":"format-standard","5":"has-post-thumbnail","7":"category-desporto","8":"tag-atualidade","9":"tag-benfica","10":"tag-chelsea","11":"tag-desporto","12":"tag-enzo-fernandez","13":"tag-portugal","14":"tag-pt","15":"tag-real-madrid","16":"tag-sports"},"share_on_mastodon":{"url":"","error":""},"_links":{"self":[{"href":"https:\/\/www.europesays.com\/pt\/wp-json\/wp\/v2\/posts\/99454","targetHints":{"allow":["GET"]}}],"collection":[{"href":"https:\/\/www.europesays.com\/pt\/wp-json\/wp\/v2\/posts"}],"about":[{"href":"https:\/\/www.europesays.com\/pt\/wp-json\/wp\/v2\/types\/post"}],"author":[{"embeddable":true,"href":"https:\/\/www.europesays.com\/pt\/wp-json\/wp\/v2\/users\/2"}],"replies":[{"embeddable":true,"href":"https:\/\/www.europesays.com\/pt\/wp-json\/wp\/v2\/comments?post=99454"}],"version-history":[{"count":0,"href":"https:\/\/www.europesays.com\/pt\/wp-json\/wp\/v2\/posts\/99454\/revisions"}],"wp:featuredmedia":[{"embeddable":true,"href":"https:\/\/www.europesays.com\/pt\/wp-json\/wp\/v2\/media\/99455"}],"wp:attachment":[{"href":"https:\/\/www.europesays.com\/pt\/wp-json\/wp\/v2\/media?parent=99454"}],"wp:term":[{"taxonomy":"category","embeddable":true,"href":"https:\/\/www.europesays.com\/pt\/wp-json\/wp\/v2\/categories?post=99454"},{"taxonomy":"post_tag","embeddable":true,"href":"https:\/\/www.europesays.com\/pt\/wp-json\/wp\/v2\/tags?post=99454"}],"curies":[{"name":"wp","href":"https:\/\/api.w.org\/{rel}","templated":true}]}}