{"id":99456,"date":"2025-10-06T09:01:10","date_gmt":"2025-10-06T09:01:10","guid":{"rendered":"https:\/\/www.europesays.com\/pt\/99456\/"},"modified":"2025-10-06T09:01:10","modified_gmt":"2025-10-06T09:01:10","slug":"perda-do-olfato-pode-persistir-por-anos-apos-a-covid-19-diz-pesquisa","status":"publish","type":"post","link":"https:\/\/www.europesays.com\/pt\/99456\/","title":{"rendered":"Perda do olfato pode persistir por anos ap\u00f3s a covid-19, diz pesquisa"},"content":{"rendered":"<p class=\"bullet mt-0\" data-v-232111b4=\"\">Esses resultados sugerem que os profissionais de sa\u00fade devem considerar a realiza\u00e7\u00e3o de testes para detectar a perda do olfato como parte da rotina de cuidados p\u00f3s-covid. <strong>Leora Horwitz<\/strong><\/p>\n<p class=\"bullet\" data-v-232111b4=\"\"><strong>Especialistas de diferentes institui\u00e7\u00f5es de ensino dos EUA estiveram envolvidos na pesquisa.<\/strong> O estudo, publicado <a href=\"https:\/\/jamanetwork.com\/journals\/jamanetworkopen\/fullarticle\/2839325\" target=\"_blank\" rel=\"nofollow noopener\">na revista cient\u00edfica JAMA Network Open<\/a>, foi liderado pela iniciativa RECOVER dos Institutos Nacionais de Sa\u00fade e apoiada pelo N\u00facleo de Ci\u00eancias Cl\u00ednicas da NYU Langone Health, da faculdade de medicina da Universidade de Nova York.<\/p>\n<p>Como o estudo foi feito<\/p>\n<p class=\"bullet\" data-v-232111b4=\"\"><strong>Diferente de pesquisas anteriores, que se baseavam nas avalia\u00e7\u00f5es dos pr\u00f3prios pacientes sobre sua capacidade olfativa, a nova pesquisa utilizou testes cl\u00ednicos formais.<\/strong> Embora tenha analisado o olfato, o estudo n\u00e3o avaliou diretamente a perda do paladar, que frequentemente acompanha a perda da capacidade de sentir cheiros.<\/p>\n<p class=\"bullet\" data-v-232111b4=\"\"><strong>O novo estudo avaliou 3.535 pacientes, entre homens e mulheres.<\/strong> Ao longo da pesquisa, pessoas com e sem hist\u00f3rico de covid-19 responderam a question\u00e1rios sobre seus sintomas a cada 90 dias, de outubro de 2021 a junho de 2025. De acordo com o comunicado oficial, este \u00e9 o levantamento mais amplo a analisar a perda do olfato ap\u00f3s a infec\u00e7\u00e3o utilizando testes formais em todo o mundo.<\/p>\n<p class=\"bullet\" data-v-232111b4=\"\"><strong>Para medir a fun\u00e7\u00e3o olfativa, a equipe utilizou uma ferramenta cl\u00ednica chamada Teste de Identifica\u00e7\u00e3o de Odores da Universidade da Pensilv\u00e2nia (UPSIT, na sigla em ingl\u00eas).<\/strong> Nessa avalia\u00e7\u00e3o, considerada o padr\u00e3o ouro neste tipo de pesquisa, os participantes tiveram que identificar 40 aromas, selecionando a op\u00e7\u00e3o de m\u00faltipla escolha correta para cada odor detectado. Uma resposta correta valia um ponto, e a pontua\u00e7\u00e3o total do UPSIT foi comparada com um banco de dados de milhares de volunt\u00e1rios saud\u00e1veis.<\/p>\n","protected":false},"excerpt":{"rendered":"Esses resultados sugerem que os profissionais de sa\u00fade devem considerar a realiza\u00e7\u00e3o de testes para detectar a perda&hellip;\n","protected":false},"author":2,"featured_media":99457,"comment_status":"","ping_status":"","sticky":false,"template":"","format":"standard","meta":{"footnotes":""},"categories":[86],"tags":[116,32,33,117],"class_list":{"0":"post-99456","1":"post","2":"type-post","3":"status-publish","4":"format-standard","5":"has-post-thumbnail","7":"category-saude","8":"tag-health","9":"tag-portugal","10":"tag-pt","11":"tag-saude"},"share_on_mastodon":{"url":"","error":""},"_links":{"self":[{"href":"https:\/\/www.europesays.com\/pt\/wp-json\/wp\/v2\/posts\/99456","targetHints":{"allow":["GET"]}}],"collection":[{"href":"https:\/\/www.europesays.com\/pt\/wp-json\/wp\/v2\/posts"}],"about":[{"href":"https:\/\/www.europesays.com\/pt\/wp-json\/wp\/v2\/types\/post"}],"author":[{"embeddable":true,"href":"https:\/\/www.europesays.com\/pt\/wp-json\/wp\/v2\/users\/2"}],"replies":[{"embeddable":true,"href":"https:\/\/www.europesays.com\/pt\/wp-json\/wp\/v2\/comments?post=99456"}],"version-history":[{"count":0,"href":"https:\/\/www.europesays.com\/pt\/wp-json\/wp\/v2\/posts\/99456\/revisions"}],"wp:featuredmedia":[{"embeddable":true,"href":"https:\/\/www.europesays.com\/pt\/wp-json\/wp\/v2\/media\/99457"}],"wp:attachment":[{"href":"https:\/\/www.europesays.com\/pt\/wp-json\/wp\/v2\/media?parent=99456"}],"wp:term":[{"taxonomy":"category","embeddable":true,"href":"https:\/\/www.europesays.com\/pt\/wp-json\/wp\/v2\/categories?post=99456"},{"taxonomy":"post_tag","embeddable":true,"href":"https:\/\/www.europesays.com\/pt\/wp-json\/wp\/v2\/tags?post=99456"}],"curies":[{"name":"wp","href":"https:\/\/api.w.org\/{rel}","templated":true}]}}