{"id":99468,"date":"2025-10-06T09:29:07","date_gmt":"2025-10-06T09:29:07","guid":{"rendered":"https:\/\/www.europesays.com\/pt\/99468\/"},"modified":"2025-10-06T09:29:07","modified_gmt":"2025-10-06T09:29:07","slug":"acorda-se-com-mais-energia-especialista-revela-suplemento-que-ajuda-a-combater-o-cansaco-e-o-stress-em-1-mes-noticias-de-hoje","status":"publish","type":"post","link":"https:\/\/www.europesays.com\/pt\/99468\/","title":{"rendered":"\u201cAcorda-se com mais energia\u201d: especialista revela suplemento que ajuda a combater o cansa\u00e7o e o stress em 1 m\u00eas &#8211; Not\u00edcias de hoje"},"content":{"rendered":"<p>\u00c9 normal, por vezes, sentirmo-nos mais cansados, sem energia ou com dificuldade em concentrar-nos,\u00a0 sobretudo quando o stress e as noites mal dormidas se acumulam. Mas nem sempre a solu\u00e7\u00e3o passa por descansar mais.<\/p>\n<p>Num v\u00eddeo partilhado no Instagram, o m\u00e9dico<a href=\"https:\/\/www.instagram.com\/dr.alexandreolmos\/\" target=\"_blank\" rel=\"nofollow noopener\"> <strong>Alexandre Olmos<\/strong><\/a>, do Hospital Universit\u00e1rio Son Espases, em Palma de Maiorca, defende que o <strong>magn\u00e9sio<\/strong> \u00e9 um dos minerais mais importantes, e subvalorizados, para o equil\u00edbrio f\u00edsico e emocional. Segundo o especialista, a suplementa\u00e7\u00e3o adequada pode transformar o bem-estar em poucas semanas.<\/p>\n<p>\u201cEm apenas alguns dias, os m\u00fasculos relaxam, as c\u00e3ibras desaparecem e come\u00e7a-se a dormir melhor. Ao fim de duas semanas, nota-se menos ansiedade e uma mente mais clara. E, ao cabo de um m\u00eas, acorda-se com mais energia e maior equil\u00edbrio emocional\u201d, explica Olmos.<\/p>\n<p>O <strong>magn\u00e9sio<\/strong> participa em mais de <strong>300 fun\u00e7\u00f5es essenciais do organismo<\/strong>, desde a produ\u00e7\u00e3o de energia \u00e0 regula\u00e7\u00e3o hormonal, passando pelo funcionamento muscular e nervoso. Um d\u00e9fice deste mineral pode estar por tr\u00e1s de sintomas comuns como <strong>fadiga, ins\u00f3nia, irritabilidade e tens\u00e3o muscular<\/strong>, de acordo com dados da Cl\u00ednica Universidade de Navarra.<\/p>\n<p>Nos \u00faltimos anos, o interesse pelo magn\u00e9sio tem aumentado, especialmente entre pessoas que lidam com <strong>stress cr\u00f3nico<\/strong> ou <strong>rotinas intensas<\/strong>. Apesar disso, o especialista alerta que a necessidade de suplementa\u00e7\u00e3o varia de pessoa para pessoa.<\/p>\n<p>Para determinar com precis\u00e3o as necessidades de cada organismo, o especialista sugere a realiza\u00e7\u00e3o de <strong>estudos epigen\u00e9ticos<\/strong>, capazes de avaliar o estado celular, os n\u00edveis de inflama\u00e7\u00e3o e as defici\u00eancias nutricionais.<\/p>\n<blockquote class=\"instagram-media\" data-instgrm-captioned=\"\" data-instgrm-permalink=\"https:\/\/www.instagram.com\/reel\/DPMg9Uuk-b8\/?utm_source=ig_embed&amp;utm_campaign=loading\" data-instgrm-version=\"14\" style=\" background:#FFF; border:0; border-radius:3px; box-shadow:0 0 1px 0 rgba(0,0,0,0.5),0 1px 10px 0 rgba(0,0,0,0.15); margin: 1px; max-width:540px; min-width:326px; padding:0; width:99.375%; width:-webkit-calc(100% - 2px); width:calc(100% - 2px);\">\n<\/blockquote>\n<p>                        <script async src=\"\/\/www.instagram.com\/embed.js\"><\/script><\/p>\n","protected":false},"excerpt":{"rendered":"\u00c9 normal, por vezes, sentirmo-nos mais cansados, sem energia ou com dificuldade em concentrar-nos,\u00a0 sobretudo quando o stress&hellip;\n","protected":false},"author":2,"featured_media":99469,"comment_status":"","ping_status":"","sticky":false,"template":"","format":"standard","meta":{"footnotes":""},"categories":[86],"tags":[116,488,24354,13,32,33,117,16192],"class_list":{"0":"post-99468","1":"post","2":"type-post","3":"status-publish","4":"format-standard","5":"has-post-thumbnail","7":"category-saude","8":"tag-health","9":"tag-iol","10":"tag-magnesio","11":"tag-noticias","12":"tag-portugal","13":"tag-pt","14":"tag-saude","15":"tag-suplementacao"},"share_on_mastodon":{"url":"","error":""},"_links":{"self":[{"href":"https:\/\/www.europesays.com\/pt\/wp-json\/wp\/v2\/posts\/99468","targetHints":{"allow":["GET"]}}],"collection":[{"href":"https:\/\/www.europesays.com\/pt\/wp-json\/wp\/v2\/posts"}],"about":[{"href":"https:\/\/www.europesays.com\/pt\/wp-json\/wp\/v2\/types\/post"}],"author":[{"embeddable":true,"href":"https:\/\/www.europesays.com\/pt\/wp-json\/wp\/v2\/users\/2"}],"replies":[{"embeddable":true,"href":"https:\/\/www.europesays.com\/pt\/wp-json\/wp\/v2\/comments?post=99468"}],"version-history":[{"count":0,"href":"https:\/\/www.europesays.com\/pt\/wp-json\/wp\/v2\/posts\/99468\/revisions"}],"wp:featuredmedia":[{"embeddable":true,"href":"https:\/\/www.europesays.com\/pt\/wp-json\/wp\/v2\/media\/99469"}],"wp:attachment":[{"href":"https:\/\/www.europesays.com\/pt\/wp-json\/wp\/v2\/media?parent=99468"}],"wp:term":[{"taxonomy":"category","embeddable":true,"href":"https:\/\/www.europesays.com\/pt\/wp-json\/wp\/v2\/categories?post=99468"},{"taxonomy":"post_tag","embeddable":true,"href":"https:\/\/www.europesays.com\/pt\/wp-json\/wp\/v2\/tags?post=99468"}],"curies":[{"name":"wp","href":"https:\/\/api.w.org\/{rel}","templated":true}]}}