{"id":99470,"date":"2025-10-06T09:31:07","date_gmt":"2025-10-06T09:31:07","guid":{"rendered":"https:\/\/www.europesays.com\/pt\/99470\/"},"modified":"2025-10-06T09:31:07","modified_gmt":"2025-10-06T09:31:07","slug":"galaxy-s22-samsung-libera-atualizacao-com-one-ui-8-e-android-16-para-a-linha-tudocelular-com","status":"publish","type":"post","link":"https:\/\/www.europesays.com\/pt\/99470\/","title":{"rendered":"Galaxy S22: Samsung libera atualiza\u00e7\u00e3o com One UI 8 e Android 16 para a linha &#8211; TudoCelular.com"},"content":{"rendered":"<ol>\n<li><a href=\"https:\/\/news.google.com\/rss\/articles\/CBMiqwFBVV95cUxORjdwd2JvR3JqY0NtbTVKMW9iSnE1NFVxbHJacTh5MDA0aU9fM0hPc3VXbHZGcmpHc3Z5MFZvVGVpYXFZSHVnNkVxd1Vod3RmbHlIQW1DTm4tSWdRV3l0NlFoTmYtZENvaTJSQmF0YVUzb2QxMUgzN2VzWEdNblF0VEJOZnZ0U2RSSExsRkRyVi1uSDRiVTFITjkyZjN3RVZDbEpnZ1lBanJaQTg?oc=5\" target=\"_blank\" rel=\"nofollow noopener\">Galaxy S22: Samsung libera atualiza\u00e7\u00e3o com One UI 8 e Android 16 para a linha<\/a>&nbsp;&nbsp;TudoCelular.com<\/li>\n<li><a href=\"https:\/\/news.google.com\/rss\/articles\/CBMiuwFBVV95cUxOMWFLamRpenRfR1d2eUZCeE9ZaTJ6Ull5ZjNQYnVXNHUxRmtTUkV4dkpLdzJqVHl2UVM1MEdqa1V0MnNvdllBSVh4dkRNLVJ1RDJUaS04SWFaSjhteS1hWHJDVFlRZnM1bXdtdjduRmRMWDUyNVFzdGd5bzBkVTFrQnVCZGxpaUFSWVRteEd3cmREOGoxald0RF9lWG40d192cHZJNmZZbGxMaWJJbmUtLWxEQkYySUhwWEhr?oc=5\" target=\"_blank\" rel=\"nofollow noopener\">Samsung libera One UI 8 e Android 16 para tr\u00eas celulares Galaxy \u2018baratos\u2019<\/a>&nbsp;&nbsp;Olhar Digital<\/li>\n<li><a href=\"https:\/\/news.google.com\/rss\/articles\/CBMinAFBVV95cUxORUx2RGFPTnZaRE94NGxXWDZCSk43aDZWVlM0MGxJNlpzV2oyQnhNZHc3VG1IalJnWmpadnhTenNXZTFuR1lVemlNdHpPRnhvcXBna1lOZk5FY2VybVBuaU1IVmo1UWpoU25kaWpNV1JaVlFQMlRQZ0Vlci1JTmxkX2xYc2hmaGZlYTAwdFg4Vl9RZ3NFR0lwYnIyU2s?oc=5\" target=\"_blank\" rel=\"nofollow noopener\">Celulares Galaxy A54 e Galaxy A34 recebem a OneUI 8.0<\/a>&nbsp;&nbsp;Mundo Conectado<\/li>\n<li><a href=\"https:\/\/news.google.com\/rss\/articles\/CBMimgFBVV95cUxOMm04VG5kNGlQbll6MVV6cTZQTDhhbnpsaEpFeVJJbHBLR251OVNGZmpQWkZUMlVxWExSZGVuR2VRbXhrX05aUjV3bThtT0ZQV3hDNTNUWHNyNDNtOTltZ3BQWEpHclpYTldmRldyQjNrZlpzdEVkY3JHXzJibWh2TVd2Ul80aVJwZno4ZEptYkM4ZnV2UnpHTHV3?oc=5\" target=\"_blank\" rel=\"nofollow noopener\">Galaxy S25 Ultra apresenta outro bug na c\u00e2mera ap\u00f3s atualiza\u00e7\u00e3o da One UI 8<\/a>&nbsp;&nbsp;Oficina da Net<\/li>\n<li><a href=\"https:\/\/news.google.com\/rss\/articles\/CBMivwFBVV95cUxQSGJNRDF3MDdDQ1poY3g0ZUZaTWI1T1d4dU1PS0dhUXdhUTAzNDl4NWN2YjRzczlZeWJ6TGRxS0NXQjROWVJGNUZlOE1Ud0h6NWlabm5JLTQ5QWZmRjRiZWpDWlo0MXRYTEFEMmVQQ1g5dmd1WnZab1FHZGZSMF9SWjB5ZkNPUlFfZ0x4UGFMTUY2YnZFYWp6aE95a3NmcGdSRktkanY1MXNUNlBWNTNmYm5fZDhqVUxhZV9JTFhnVdIBzgFBVV95cUxPUWxLQ1hVUVhqdFU4TUx4TGU0NnFLWjlienlZXzhqUHlnRG0tX3pySHo3Vm8zeGhUdHViVmszSzhOQk5PamRwYU05T1Q3c2J1cTRXRDhxcWVkcDlBLVB6Y3Z5NzFWZ1ltQVpyLUY5UjBpR3NMSnJ2bXpjY1EwUW1zV2JTZ0JTZ19JVHYwbDQweTd3MlBuODhyN0ZHQnE0SDhLXzFIVkFfSmtrdGJNZ3RCZTdoV0JXTHNPVVROVm1yZUx6eGhUU1hFOHQ4VHJqQQ?oc=5\" target=\"_blank\" rel=\"nofollow noopener\">6 configura\u00e7\u00f5es do One UI 8 para experimentar agora no seu Samsung<\/a>&nbsp;&nbsp;TechTudo<\/li>\n<\/ol>\n","protected":false},"excerpt":{"rendered":"Galaxy S22: Samsung libera atualiza\u00e7\u00e3o com One UI 8 e Android 16 para a linha&nbsp;&nbsp;TudoCelular.com Samsung libera One&hellip;\n","protected":false},"author":2,"featured_media":99471,"comment_status":"","ping_status":"","sticky":false,"template":"","format":"standard","meta":{"footnotes":""},"categories":[84],"tags":[109,107,108,32,33,105,103,104,106,110],"class_list":{"0":"post-99470","1":"post","2":"type-post","3":"status-publish","4":"format-standard","5":"has-post-thumbnail","7":"category-ciencia-e-tecnologia","8":"tag-ciencia","9":"tag-ciencia-e-tecnologia","10":"tag-cienciaetecnologia","11":"tag-portugal","12":"tag-pt","13":"tag-science","14":"tag-science-and-technology","15":"tag-scienceandtechnology","16":"tag-technology","17":"tag-tecnologia"},"share_on_mastodon":{"url":"","error":""},"_links":{"self":[{"href":"https:\/\/www.europesays.com\/pt\/wp-json\/wp\/v2\/posts\/99470","targetHints":{"allow":["GET"]}}],"collection":[{"href":"https:\/\/www.europesays.com\/pt\/wp-json\/wp\/v2\/posts"}],"about":[{"href":"https:\/\/www.europesays.com\/pt\/wp-json\/wp\/v2\/types\/post"}],"author":[{"embeddable":true,"href":"https:\/\/www.europesays.com\/pt\/wp-json\/wp\/v2\/users\/2"}],"replies":[{"embeddable":true,"href":"https:\/\/www.europesays.com\/pt\/wp-json\/wp\/v2\/comments?post=99470"}],"version-history":[{"count":0,"href":"https:\/\/www.europesays.com\/pt\/wp-json\/wp\/v2\/posts\/99470\/revisions"}],"wp:featuredmedia":[{"embeddable":true,"href":"https:\/\/www.europesays.com\/pt\/wp-json\/wp\/v2\/media\/99471"}],"wp:attachment":[{"href":"https:\/\/www.europesays.com\/pt\/wp-json\/wp\/v2\/media?parent=99470"}],"wp:term":[{"taxonomy":"category","embeddable":true,"href":"https:\/\/www.europesays.com\/pt\/wp-json\/wp\/v2\/categories?post=99470"},{"taxonomy":"post_tag","embeddable":true,"href":"https:\/\/www.europesays.com\/pt\/wp-json\/wp\/v2\/tags?post=99470"}],"curies":[{"name":"wp","href":"https:\/\/api.w.org\/{rel}","templated":true}]}}