{"id":99478,"date":"2025-10-06T09:47:07","date_gmt":"2025-10-06T09:47:07","guid":{"rendered":"https:\/\/www.europesays.com\/pt\/99478\/"},"modified":"2025-10-06T09:47:07","modified_gmt":"2025-10-06T09:47:07","slug":"primeiro-ministro-frances-demite-se-um-dia-depois-de-anunciar-composicao-do-governo-franca","status":"publish","type":"post","link":"https:\/\/www.europesays.com\/pt\/99478\/","title":{"rendered":"Primeiro-ministro franc\u00eas demite-se um dia depois de anunciar composi\u00e7\u00e3o do Governo | Fran\u00e7a"},"content":{"rendered":"<p>O primeiro-ministro franc\u00eas, S\u00e9bastien Lecornu, apresentou na manh\u00e3 desta segunda-feira a sua demiss\u00e3o a Emmanuel Macron, que a aceitou, anunciou o Pal\u00e1cio do Eliseu num curto comunicado. Esteve menos de um m\u00eas no cargo.<\/p>\n<p>N\u00e3o estavam \u201creunidas as condi\u00e7\u00f5es\u201d para governar, resumiu num curto discurso ao pa\u00eds, na manh\u00e3 desta segunda-feira. Negociar um or\u00e7amento \u00e9 \u201cuma tarefa dif\u00edcil, sem d\u00favida, ainda mais neste momento\u201d, assume.<\/p>\n<p>Admitindo que, nas \u00faltimas tr\u00eas semanas n\u00e3o \u201cfalou muito\u201d ao pa\u00eds \u2013 manteve uma postura discreta, com poucas entrevistas e comunica\u00e7\u00f5es ao pa\u00eds \u2014, diz que esteve a trabalhar nos bastidores, com \u201cconsultas que permitiam avan\u00e7ar em alguns temas\u201d e mantendo o \u201csentimento de que avan\u00e7ar\u00edamos\u201d.<\/p>\n<p>No entanto, e j\u00e1 depois de, na sexta-feira, ter anunciado que n\u00e3o se faria valer do artigo 49.3.\u00ba da Constitui\u00e7\u00e3o \u2014 que lhe permitiria fazer avan\u00e7ar a aprova\u00e7\u00e3o do or\u00e7amento mesmo sem o voto a favor do Parlamento \u2014 lamenta que os pol\u00edticos de outras for\u00e7as partid\u00e1rias finjam \u201cn\u00e3o ver a ruptura profunda de n\u00e3o usar o 49.3\u201d.<\/p>\n<p>Cita-a entre as raz\u00f5es que o levaram a abdicar do cargo. Na sua opini\u00e3o, o facto de os v\u00e1rios pontos do or\u00e7amento serem discutidos e aprovados em Assembleia acabaria com os \u201cpretextos para uma censura subsequente\u201d. No entanto, ainda este s\u00e1bado, o primeiro secret\u00e1rio do Partido Socialista, Olivier Faure, amea\u00e7ou novamente com a possibilidade de uma mo\u00e7\u00e3o de censura, \u201cse a situa\u00e7\u00e3o n\u00e3o mudar\u201d.<\/p>\n<p>H\u00e1 mais raz\u00f5es: a postura dos partidos pol\u00edticos, \u201ccomo se tivessem todos uma maioria absoluta na Assembleia\u201d, em que Lecornu se viu numa situa\u00e7\u00e3o em que estava \u201cpronto para compromissos\u201d, mas que cada partido queria, antes, que se adoptasse \u201co seu programa completo\u201d.<\/p>\n<p>E, por fim, a composi\u00e7\u00e3o do \u201cgoverno da base comum [composta pelos partidos mais pr\u00f3ximos de Macron] n\u00e3o era fluida e deu lugar ao acordar de apetites partid\u00e1rios\u201d que muitas vezes se relacionavam com \u201ca elei\u00e7\u00e3o presidencial futura\u201d, a acontecer em 2027.<\/p>\n<p>\u201cJ\u00e1 faltava pouco\u201d, lamenta. \u201cH\u00e1 coisas que se podem fazer antes de 2027\u201d, desde que haja \u201cum sentido de interesse geral e subst\u00e2ncia\u201d, completa.<\/p>\n<p>Construir um compromisso pol\u00edtico \u00e9 feito de uma \u201ccombina\u00e7\u00e3o de linhas verdes com linhas vermelhas\u201d, afirmou. \u201cT\u00eam sempre de preferir o vosso pa\u00eds ao vosso partido. Devem saber ouvir os vossos eleitores, mas pensar sempre nos franceses\u201d, concluiu, antes de agradecer a todos para se despedir.<\/p>\n<p>Governo s\u00f3 se conhecia h\u00e1 menos de 24 horas<\/p>\n<p>A ren\u00fancia acontece menos de um m\u00eas depois de ter sido nomeado e horas depois de Lecornu relevar a composi\u00e7\u00e3o parcial do seu Governo, com o an\u00fancio de 16 ministros e dois delegados, quase todos de centro-direita e direita e muitos deles vindos do gabinete <a href=\"https:\/\/www.publico.pt\/2025\/09\/08\/mundo\/noticia\/franca-tera-novo-governo-novas-eleicoes-2146338\" rel=\"nofollow noopener\" target=\"_blank\">do seu antecessor, Fran\u00e7ois Bayrou<\/a>.<\/p>\n<p>Da oposi\u00e7\u00e3o, as primeiras reac\u00e7\u00f5es aos nomes do novo Governo, anunciados no domingo, foram r\u00e1pidas, tanto da esquerda como da extrema-direita. Criticaram a op\u00e7\u00e3o pela continuidade, por exemplo, com a nomea\u00e7\u00e3o de Bruno Le Maire para a pasta da Defesa, prevendo j\u00e1 uma nova queda do executivo, sem pactos com outros partidos, nem apoio parlamentar que ultrapasse um voto de desconfian\u00e7a, que os opositores de Macron amea\u00e7am apresentar.<\/p>\n<p>&#8220;A elei\u00e7\u00e3o deste mesmo Governo, temperado com o homem que levou Fran\u00e7a \u00e0 bancarrota, \u00e9 pat\u00e9tica. Estamos sem palavras&#8221;, disse Marine Le Pen, l\u00edder da Uni\u00e3o Nacional, que se referiu \u00e0 nomea\u00e7\u00e3o de Bruno Le Maire e \u00e0 situa\u00e7\u00e3o das contas p\u00fablicas francesas, quando deixou o cargo de ministro da Economia em 2024.<\/p>\n<p>Depois de o primeiro-ministro ter apresentado a sua demiss\u00e3o, Marine Le Pen voltou a um pedido que tem feito insistentemente ao longo dos \u00faltimos meses: a dissolu\u00e7\u00e3o da Assembleia e novas elei\u00e7\u00f5es legislativas.<\/p>\n<p>Na sequ\u00eancia da apresenta\u00e7\u00e3o da demiss\u00e3o do primeiro-ministro, Jean-Luc M\u00e9lenchon, l\u00edder do France Insoumise, pediu uma &#8220;revis\u00e3o imediata&#8221; do pedido de impeachment apresentado contra Emmanuel Macron. &#8220;Pedimos a considera\u00e7\u00e3o imediata da mo\u00e7\u00e3o apresentada por 104 deputados para a demiss\u00e3o de Emmanuel Macron &#8220;, reagiu o l\u00edder do partido da esquerda no X.<\/p>\n<p>O impasse pol\u00edtico tem ra\u00edzes na decis\u00e3o de Macron de <a href=\"https:\/\/www.publico.pt\/2022\/06\/22\/mundo\/noticia\/macron-possivel-maioria-clara-assembleia-nacional-francesa-2011036\" rel=\"nofollow noopener\" target=\"_blank\">dissolver a Assembleia Nacional<\/a>, em Junho de 2024, e partir para elei\u00e7\u00f5es, que goraram as expectativas de fortalecer a sua alian\u00e7a centrista pr\u00f3-europeia. O resultado foi uma c\u00e2mara baixa do parlamento fragmentada, sem um bloco pol\u00edtico dominante, nem capacidade de estabelecer alian\u00e7as.<\/p>\n<p>A economia francesa, uma das maiores do mundo e a segunda maior da Uni\u00e3o Europeia, enfrenta um d\u00e9fice e uma d\u00edvida p\u00fablica crescentes.<\/p>\n<p>Lecornu ia enfrentar o seu primeiro teste na ter\u00e7a-feira, quando discursasse na Assembleia Nacional, para apresenta\u00e7\u00e3o do programa do Governo e das linhas do or\u00e7amento para 2026.<\/p>\n","protected":false},"excerpt":{"rendered":"O primeiro-ministro franc\u00eas, S\u00e9bastien Lecornu, apresentou na manh\u00e3 desta segunda-feira a sua demiss\u00e3o a Emmanuel Macron, que a&hellip;\n","protected":false},"author":2,"featured_media":99479,"comment_status":"","ping_status":"","sticky":false,"template":"","format":"standard","meta":{"footnotes":""},"categories":[50],"tags":[27,28,447,445,15,16,208,14,25,26,21,22,17998,62,12,13,19,20,52,23,24,17,18,29,30,31,63,64,65],"class_list":{"0":"post-99478","1":"post","2":"type-post","3":"status-publish","4":"format-standard","5":"has-post-thumbnail","7":"category-mundo","8":"tag-breaking-news","9":"tag-breakingnews","10":"tag-emmanuel-macron","11":"tag-europa","12":"tag-featured-news","13":"tag-featurednews","14":"tag-franca","15":"tag-headlines","16":"tag-latest-news","17":"tag-latestnews","18":"tag-main-news","19":"tag-mainnews","20":"tag-marine-le-pen","21":"tag-mundo","22":"tag-news","23":"tag-noticias","24":"tag-noticias-principais","25":"tag-noticiasprincipais","26":"tag-politica","27":"tag-principais-noticias","28":"tag-principaisnoticias","29":"tag-top-stories","30":"tag-topstories","31":"tag-ultimas","32":"tag-ultimas-noticias","33":"tag-ultimasnoticias","34":"tag-world","35":"tag-world-news","36":"tag-worldnews"},"share_on_mastodon":{"url":"","error":""},"_links":{"self":[{"href":"https:\/\/www.europesays.com\/pt\/wp-json\/wp\/v2\/posts\/99478","targetHints":{"allow":["GET"]}}],"collection":[{"href":"https:\/\/www.europesays.com\/pt\/wp-json\/wp\/v2\/posts"}],"about":[{"href":"https:\/\/www.europesays.com\/pt\/wp-json\/wp\/v2\/types\/post"}],"author":[{"embeddable":true,"href":"https:\/\/www.europesays.com\/pt\/wp-json\/wp\/v2\/users\/2"}],"replies":[{"embeddable":true,"href":"https:\/\/www.europesays.com\/pt\/wp-json\/wp\/v2\/comments?post=99478"}],"version-history":[{"count":0,"href":"https:\/\/www.europesays.com\/pt\/wp-json\/wp\/v2\/posts\/99478\/revisions"}],"wp:featuredmedia":[{"embeddable":true,"href":"https:\/\/www.europesays.com\/pt\/wp-json\/wp\/v2\/media\/99479"}],"wp:attachment":[{"href":"https:\/\/www.europesays.com\/pt\/wp-json\/wp\/v2\/media?parent=99478"}],"wp:term":[{"taxonomy":"category","embeddable":true,"href":"https:\/\/www.europesays.com\/pt\/wp-json\/wp\/v2\/categories?post=99478"},{"taxonomy":"post_tag","embeddable":true,"href":"https:\/\/www.europesays.com\/pt\/wp-json\/wp\/v2\/tags?post=99478"}],"curies":[{"name":"wp","href":"https:\/\/api.w.org\/{rel}","templated":true}]}}