{"id":99496,"date":"2025-10-06T10:23:10","date_gmt":"2025-10-06T10:23:10","guid":{"rendered":"https:\/\/www.europesays.com\/pt\/99496\/"},"modified":"2025-10-06T10:23:10","modified_gmt":"2025-10-06T10:23:10","slug":"yona-vence-a-prova-de-fogo-em-a-fazenda-17","status":"publish","type":"post","link":"https:\/\/www.europesays.com\/pt\/99496\/","title":{"rendered":"Yon\u00e1 vence a Prova de Fogo em A Fazenda 17"},"content":{"rendered":"\n<p class=\"autor\">Por Anah\u00ed Martinho \/ Folhapress<\/p>\n<p>Yon\u00e1 Sousa foi a vencedora da prova de fogo de A Fazenda 17 nesta segunda-feira (29). Com o poder do lampi\u00e3o em m\u00e3os, a peoa poder\u00e1 alterar a forma\u00e7\u00e3o de ro\u00e7a da pr\u00f3xima ter\u00e7a-feira (30).<\/p>\n<p>Nizam Hayek, Duda Wendling, Will Guimar\u00e3es e T\u00e0mires Assis perderam a prova e est\u00e3o na Baia.<\/p>\n<p>Os poderes que Yon\u00e1 ganhou ainda n\u00e3o foram divulgados pela produ\u00e7\u00e3o do programa. Um dos poderes ser\u00e1 votado pelos telespectadores no site oficial do programa.<\/p>\n","protected":false},"excerpt":{"rendered":"Por Anah\u00ed Martinho \/ Folhapress Yon\u00e1 Sousa foi a vencedora da prova de fogo de A Fazenda 17&hellip;\n","protected":false},"author":2,"featured_media":99497,"comment_status":"","ping_status":"","sticky":false,"template":"","format":"standard","meta":{"footnotes":""},"categories":[142],"tags":[657,114,115,32,24360,33,151,21864],"class_list":{"0":"post-99496","1":"post","2":"type-post","3":"status-publish","4":"format-standard","5":"has-post-thumbnail","7":"category-tv","8":"tag-a-fazenda","9":"tag-entertainment","10":"tag-entretenimento","11":"tag-portugal","12":"tag-prova-do-fogo","13":"tag-pt","14":"tag-tv","15":"tag-yona-sousa"},"share_on_mastodon":{"url":"","error":""},"_links":{"self":[{"href":"https:\/\/www.europesays.com\/pt\/wp-json\/wp\/v2\/posts\/99496","targetHints":{"allow":["GET"]}}],"collection":[{"href":"https:\/\/www.europesays.com\/pt\/wp-json\/wp\/v2\/posts"}],"about":[{"href":"https:\/\/www.europesays.com\/pt\/wp-json\/wp\/v2\/types\/post"}],"author":[{"embeddable":true,"href":"https:\/\/www.europesays.com\/pt\/wp-json\/wp\/v2\/users\/2"}],"replies":[{"embeddable":true,"href":"https:\/\/www.europesays.com\/pt\/wp-json\/wp\/v2\/comments?post=99496"}],"version-history":[{"count":0,"href":"https:\/\/www.europesays.com\/pt\/wp-json\/wp\/v2\/posts\/99496\/revisions"}],"wp:featuredmedia":[{"embeddable":true,"href":"https:\/\/www.europesays.com\/pt\/wp-json\/wp\/v2\/media\/99497"}],"wp:attachment":[{"href":"https:\/\/www.europesays.com\/pt\/wp-json\/wp\/v2\/media?parent=99496"}],"wp:term":[{"taxonomy":"category","embeddable":true,"href":"https:\/\/www.europesays.com\/pt\/wp-json\/wp\/v2\/categories?post=99496"},{"taxonomy":"post_tag","embeddable":true,"href":"https:\/\/www.europesays.com\/pt\/wp-json\/wp\/v2\/tags?post=99496"}],"curies":[{"name":"wp","href":"https:\/\/api.w.org\/{rel}","templated":true}]}}