{"id":99505,"date":"2025-10-06T10:33:35","date_gmt":"2025-10-06T10:33:35","guid":{"rendered":"https:\/\/www.europesays.com\/pt\/99505\/"},"modified":"2025-10-06T10:33:35","modified_gmt":"2025-10-06T10:33:35","slug":"montenegro-diz-que-f-35-nao-sao-armamento-militar-falha-nao-teve-origem-na-defesa-nacional-garante-nuno-melo-expresso-2","status":"publish","type":"post","link":"https:\/\/www.europesays.com\/pt\/99505\/","title":{"rendered":"Montenegro diz que F-35 n\u00e3o s\u00e3o &quot;armamento militar&quot;; Falha &quot;n\u00e3o teve origem na Defesa Nacional&quot;, garante Nuno Melo &#8211; Expresso"},"content":{"rendered":"<ol>\n<li><a href=\"https:\/\/news.google.com\/rss\/articles\/CBMi-AFBVV95cUxNUS1PVkR3RDhlNnAyTzhxRnFRRGZud0IxNGNtR2s2RVhsclRlX185YlFpcHBfUTd5bUlJZk9aejd3NGJDTDAtSTV3T1owTEVfUzYwQXpKSEJPZWtuODdNWGZBYXdOWnVJX3ppTHhaNmVselZhZzBCY21KUFQtOE42cG1SbW1vazhMLXBmREg5alhMdFRRcWplYndQT1RsSENINFg0aUdYZThvTHVkcWVka3g1VTFqQzR3UC0yWm1ZS093M3d2T0F4RlE0bnFWYl9ucGlsX0t5QUZaNlh2WEtHeHNIRmhnQTEwbDlpSHpRR2NPb2E3d2lKONIBoARBVV95cUxQdmZNb3pXaVBPMzRxWGZHcU9fNjZrc1UyOWFjZnpNcklxQm8wWkVwOGNUVTJwMDZheGZMZzJTUHBNaFRuRE45amZ4OVJobkJVcnJVb1FLQWl0WFpFLTB2aDVmSUU4WFpqUGMtc214NGxKUnZjZ0dkUVIwU1dmT1d4VnR3M0pRMzROXzFKdVExQ0dhX3JDamdXNlJiU3BpRnM3Q3B1a0dFU1hOSE9NeUNRR3RQTzdpSDgxODZZbDZLbDUyc3ZPMVp4V3dJejZRZXZwMUVfbWVyb0V5dWVVV0ltSUFlanZ1dGM5aWIyQ2c0c3dfWTdmU081bkxtX2NpSjdlR29MaFFYRkhicko4NEtfN1RNTXdVeVV3UHVHZV84TThpSVZwaHBWbFlpaTJybjZwdEhmX1B4TnJEYlNqb2JZdElQekh1d3dualdPdmFuY1lQQy1rMXFKcndjVGdoZlBJWkYzSVRuQUtCRnFaTlVua1pIaFVPRXVGZWF1bEtOLXpCTnJLakxrSjM4TDJILXNjZXBRNjQxUndsMlBHbF9KaGZ6SDMxMExubUJabnpjVFk5bkY3Uzh1cHZ4RF9VSjhERWI0bzZObVd5Mi05SmRyeFpIUWxZOThYN0xjZkFTYXhBQ2tma1c0bkFwSzcyQXNFbEhKb1BiUGc5UWNkc2xuR0dXM2VWNjdZWDZSbGotOWhESlBYcGhSYXk1S3VjaW53?oc=5\" target=\"_blank\" rel=\"nofollow noopener\">Montenegro diz que F-35 n\u00e3o s\u00e3o &#8220;armamento militar&#8221;; Falha &#8220;n\u00e3o teve origem na Defesa Nacional&#8221;, garante Nuno Melo<\/a>&nbsp;&nbsp;Expresso<\/li>\n<li><a href=\"https:\/\/news.google.com\/rss\/articles\/CBMipAFBVV95cUxOSGljSWxuQUhxd0FORkpjdmdSczFxSngwaUJRejhuYlZIX3JVdE1sTXlYZHltYW5JTktnM2RmZDA3Y0lUeTFoQlpqblNXUUdZTXBKWTduSXpIaVBIVUloSnpDNXI2UUhaLUgxWXhLM2FycG1MZEpMem9sTE5XZWMteEc0NUVjZDZZRmJ1ak1GRkFjOUFOWllXOEtONDdOaHd5c3ExWA?oc=5\" target=\"_blank\" rel=\"nofollow noopener\">Base das Lajes. Esquerda quer mais explica\u00e7\u00f5es do Governo<\/a>&nbsp;&nbsp;RTP<\/li>\n<li><a href=\"https:\/\/news.google.com\/rss\/articles\/CBMi3AJBVV95cUxOZ2d5YWZtZEVRdUIyek8wenlCYU1zQWxRUkp3TkkzT0I3Zmc2TWxoOXluWjNRMzBlNDhmWFNMSndmRUJ3dEhETVpCbll6NDJyTUJ3bmNiNDBPb0ZFSHdoLXpRQ2xwYmN0bnFXb3BobVNRUXEzM3NsNjZmNXQwY09rTDJGWVpJbkVGMlBpeFRsRDdmTHBSUnBrWTFka1I4OFM3RlBCeGtHZjQwRUNmaWpoMTRNT0RWa3VVZ3hGVXZuR1FwY0NVWHROTWFuVGJXWktfV2V6ZTNzYUxrWjM2Qkw1d3FIRVNaSUFxZFZXdjBUaVpUNzlHU1RMejB0ZjBnY0JPVThNOTg2aGhhS2s0aW9nazIxY0h5V21aQmlYdWZuRTVvNFp4VWFZMmdGTVJFYkI1R2ZxV2IzZWFZTzZUR21DcUN3ZWZUZWpzU1hOakpjT1B5cXNQbTQycF9yclk?oc=5\" target=\"_blank\" rel=\"nofollow noopener\">Nuno Melo diz que passagem em Portugal de ca\u00e7as F-35 com destino a Israel &#8220;n\u00e3o tem nada que ver&#8221; com o minist\u00e9rio da Defesa<\/a>&nbsp;&nbsp;MSN<\/li>\n<li><a href=\"https:\/\/news.google.com\/rss\/articles\/CBMixwFBVV95cUxQOVE2T1RRR0VndllHV0JIYW1tY05lRFpneWtKSG10VUtMcDctOFNyaDdTVE9USjhod2pDb1Vwd0R1YUxkU3FwUC1fN0hMaDVWVnRXMVRrVFQ5S1VVNm96SDFzVjFOODlvdmdwbHRJNnhhVUdLTEp6RXRBTXlTWXY5Qld4Qjlzc0JuaXhhTHZDZmRGU2pFUWJxZlJHTmU0dE9GaUczOFVBekFYNkxNajRSRV9uc1kteUpfT0ZBalpfdmItLWotVkxz?oc=5\" target=\"_blank\" rel=\"nofollow noopener\">Livre e BE acusam Montenegro de querer &#8220;tapar o sol com a peneira&#8221; sobre caso das Lajes<\/a>&nbsp;&nbsp;Jornal de Not\u00edcias<\/li>\n<li><a href=\"https:\/\/news.google.com\/rss\/articles\/CBMirgFBVV95cUxOLU1BMU5LXzdXNWtNWkVmS012NkM2czkyaTZxeldqVlB1eEZUNzczVUIyZ3hndXF2SXVTczVSdkhodXcwYVhBVXNGY1BvUWJuUU1VOC03cm9PendCVUZNbFpTSlQweTJQeC1XLWxNMHc5T1JsZUJOVzhTb3ZKZUZIUTZObVhCUUNfTE9oTlZKSnVxMmVORUprS3dBM2VPejM2RWp2SFpoNDd3dW1sSkE?oc=5\" target=\"_blank\" rel=\"nofollow noopener\">F-35 de Israel nas Lajes? PCP acusa Montenegro de &#8220;trapalhada&#8221;<\/a>&nbsp;&nbsp;Not\u00edcias ao Minuto<\/li>\n<\/ol>\n","protected":false},"excerpt":{"rendered":"Montenegro diz que F-35 n\u00e3o s\u00e3o &#8220;armamento militar&#8221;; Falha &#8220;n\u00e3o teve origem na Defesa Nacional&#8221;, garante Nuno Melo&nbsp;&nbsp;Expresso&hellip;\n","protected":false},"author":2,"featured_media":99287,"comment_status":"","ping_status":"","sticky":false,"template":"","format":"standard","meta":{"footnotes":""},"categories":[8],"tags":[27,28,15,16,14,25,26,21,22,12,13,19,20,32,23,24,33,17,18,29,30,31],"class_list":{"0":"post-99505","1":"post","2":"type-post","3":"status-publish","4":"format-standard","5":"has-post-thumbnail","7":"category-principais-noticias","8":"tag-breaking-news","9":"tag-breakingnews","10":"tag-featured-news","11":"tag-featurednews","12":"tag-headlines","13":"tag-latest-news","14":"tag-latestnews","15":"tag-main-news","16":"tag-mainnews","17":"tag-news","18":"tag-noticias","19":"tag-noticias-principais","20":"tag-noticiasprincipais","21":"tag-portugal","22":"tag-principais-noticias","23":"tag-principaisnoticias","24":"tag-pt","25":"tag-top-stories","26":"tag-topstories","27":"tag-ultimas","28":"tag-ultimas-noticias","29":"tag-ultimasnoticias"},"share_on_mastodon":{"url":"","error":""},"_links":{"self":[{"href":"https:\/\/www.europesays.com\/pt\/wp-json\/wp\/v2\/posts\/99505","targetHints":{"allow":["GET"]}}],"collection":[{"href":"https:\/\/www.europesays.com\/pt\/wp-json\/wp\/v2\/posts"}],"about":[{"href":"https:\/\/www.europesays.com\/pt\/wp-json\/wp\/v2\/types\/post"}],"author":[{"embeddable":true,"href":"https:\/\/www.europesays.com\/pt\/wp-json\/wp\/v2\/users\/2"}],"replies":[{"embeddable":true,"href":"https:\/\/www.europesays.com\/pt\/wp-json\/wp\/v2\/comments?post=99505"}],"version-history":[{"count":0,"href":"https:\/\/www.europesays.com\/pt\/wp-json\/wp\/v2\/posts\/99505\/revisions"}],"wp:featuredmedia":[{"embeddable":true,"href":"https:\/\/www.europesays.com\/pt\/wp-json\/wp\/v2\/media\/99287"}],"wp:attachment":[{"href":"https:\/\/www.europesays.com\/pt\/wp-json\/wp\/v2\/media?parent=99505"}],"wp:term":[{"taxonomy":"category","embeddable":true,"href":"https:\/\/www.europesays.com\/pt\/wp-json\/wp\/v2\/categories?post=99505"},{"taxonomy":"post_tag","embeddable":true,"href":"https:\/\/www.europesays.com\/pt\/wp-json\/wp\/v2\/tags?post=99505"}],"curies":[{"name":"wp","href":"https:\/\/api.w.org\/{rel}","templated":true}]}}