{"id":99506,"date":"2025-10-06T10:36:24","date_gmt":"2025-10-06T10:36:24","guid":{"rendered":"https:\/\/www.europesays.com\/pt\/99506\/"},"modified":"2025-10-06T10:36:24","modified_gmt":"2025-10-06T10:36:24","slug":"autora-canoense-tais-fagundes-fala-sobre-bergamota-literaria-nesta-segunda-6-na-40a-feira-do-livro-de-canoas","status":"publish","type":"post","link":"https:\/\/www.europesays.com\/pt\/99506\/","title":{"rendered":"Autora canoense Ta\u00eds Fagundes fala sobre \u201cBergamota Liter\u00e1ria\u201d, nesta segunda (6) na 40\u00aa Feira do Livro de Canoas"},"content":{"rendered":"<p>\t\t\t\t\t\t\t\t\t\t\t\t\tClique para ouvir esta not\u00edcia<\/p>\n<p class=\"addtoany_title\">Compartilhe<\/p>\n<p>Na pr\u00f3xima segunda-feira (6) a 40\u00aa Feira do Livro de Canoas contar\u00e1 com um bate-papo com a escritora canoense Ta\u00eds Fagundes, autora do \u201cBergamota Liter\u00e1ria\u201d, no Audit\u00f3rio Sady Schiwitz, \u00e0s 10h15 e \u00e0s 15h30. J\u00e1 o domingo (5) quente foi marcado por uma programa\u00e7\u00e3o multicultural, para toda a fam\u00edlia, que incluiu apresenta\u00e7\u00e3o de teatro, concurso de cosplay, espet\u00e1culo de dan\u00e7a, al\u00e9m de sess\u00f5es de aut\u00f3grafos, conta\u00e7\u00e3o de hist\u00f3rias e bate-papo.<\/p>\n<p>O evento tamb\u00e9m contou com concurso de Cosplay, premiando a melhor caracteriza\u00e7\u00e3o. Uma das participantes, Emily Valen\u00e7a, caracterizada como a personagem Sigewinne, do jogo Genshin Impact, comentou que adora participar de eventos do g\u00eanero e elogiou a iniciativa da Prefeitura ao promover uma competi\u00e7\u00e3o com entrada gratuita. \u201cN\u00e3o importa se est\u00e1 chovendo, inclusive estava chovendo quando a gente saiu de casa. E eu disse: vamos igual, pois j\u00e1 estava todo mundo pronto. E \u00e9 muito legal, principalmente quando ele \u00e9 gratuito, porque d\u00e1 vontade de a gente sair de casa, de fazer as coisas. A gente abra\u00e7a mais pessoas, a nossa comunidade est\u00e1 crescendo cada dia mais. Ent\u00e3o, se \u00e9 um evento gratuito, ajuda muito a chamar mais pessoas e a visibilidade para o mundo cosplay est\u00e1 cada vez maior\u201d, celebra.<\/p>\n<p>O livro infanto-juvenil \u201cBergamota\u201d tamb\u00e9m teve sess\u00e3o de aut\u00f3grafos no domingo. Produzido por uma escritora que mora no bairro Harmonia, ele conta a hist\u00f3ria da enchente que atingiu o RS, em maio de 2024. Com coragem para um novo come\u00e7o, Ta\u00eds Fagundes, que viveu na pele esse momento, nos ensina que basta escutar o pr\u00f3prio cora\u00e7\u00e3o para se reconectar com o que realmente importa.<\/p>\n<p>\nConfira a programa\u00e7\u00e3o desta segunda-feira (6):<\/p>\n<p>9h \u2013 Teatro \u201cE se meu livro falasse?\u201d- Audit\u00f3rio Sady Schiwitz \u2013 com Atena Produtora Teatral Livre<\/p>\n<p>9h \u2013 Conta\u00e7\u00e3o de hist\u00f3rias Profe Maluquinha \u2013 Bebeteca da Biblioteca P\u00fablica \u2013 Chris e Six \u2013 Educa\u00e7\u00e3o Infantil<\/p>\n<p>9h \u2013 Espa\u00e7o do Escritor Oficina de braille, com a ADEVIC e NAPPB (N\u00facleo de Apoio Pedag\u00f3gico e Produ\u00e7\u00e3o Braille \u2013 Canoas\/RS) \u2013 Livre<\/p>\n<p>10h \u00e0s 11h \u2013 Teatro \u201cO t\u00e3o distante mundo de Z\u00e9ca das Pitombas\u201d \u2013 \u00c1rea Central \u2013 com Arthur C\u00f4rtes \u2013 Livre<\/p>\n<p>10h15 \u2013 Encontro com escritora \u201cBergamota Liter\u00e1ria\u201d- Audit\u00f3rio Sady Schiwitz \u2013 com Ta\u00eds Fagundes \u2013 Anos Iniciais<\/p>\n<p>10h15 \u2013 Conta\u00e7\u00e3o de hist\u00f3rias \u2013 Bebeteca da Biblioteca P\u00fablica \u2013 Duda, S\u00edl Graebin, Jonatan Ortiz Borges \u2013 Educa\u00e7\u00e3o Infantil<\/p>\n<p>14h \u2013 Teatro \u201cE se meu livro falasse?\u201d \u2013 Audit\u00f3rio Sady Schiwitz \u2013 com Atena Produtora Teatral \u2013 Livre<\/p>\n<p>14h \u2013 Conta\u00e7\u00e3o de hist\u00f3rias Profe Maluquinha \u2013 Bebeteca da Biblioteca P\u00fablica \u2013 Chris e Six \u2013 Educa\u00e7\u00e3o Infantil<\/p>\n<p>15h \u2013 Conta\u00e7\u00e3o de hist\u00f3rias \u2013 Bebeteca da Biblioteca P\u00fablica \u2013 Duda, S\u00edl Graebin, Jonatan Ortiz Borges \u2013 Educa\u00e7\u00e3o Infantil<\/p>\n<p>15h45 \u2013 Apresenta\u00e7\u00e3o interativa do Coral Encanto \u2013 Livre \u00c1rea Central \u2013 da Escola Municipal de M\u00fasica de Alvorada Pedro Farias<\/p>\n<p>15h30 \u2013 Encontro com escritora \u201cBergamota Liter\u00e1ria\u201d \u2013 Audit\u00f3rio Sady Schiwitz \u2013 com Ta\u00eds Fagundes \u2013 Anos Iniciais<\/p>\n<p>16h \u2013 Atividades no Espa\u00e7o do Escritor:<\/p>\n<p>Sess\u00f5es de Aut\u00f3grafos \u201cContos de Supera\u00e7\u00e3o\u201d \u2013 L\u00facia Regina Lucas da Rosa, Eduardo Pereira Machado, Maria Alejandra Saraiva Pesca, Hilaine Gr\u00e9gis \u2013 Livre<\/p>\n<p>\u201cA Tartaruga do Vov\u00f4\u201d \u2013 Maria Luci Cardoso Leite \u2013 Livre<\/p>\n<p>\u201cAnjos de asas azuis\u201d \u2013 Val\u00e9ria Sabadi Franco da Silva- Livre<\/p>\n<p>18h-20h \u2013 Sess\u00e3o de aut\u00f3grafos \u201cPequenos autores grandes hist\u00f3rias\u201d \u2013 Espa\u00e7o do escritor \u2013 Livre<\/p>\n<p>18h \u2013 Mesa escritores canoenses: palco, tra\u00e7o e som \u2013 Audit\u00f3rio Sady Schiwitz \u2013 Media\u00e7\u00e3o: Lilian Rocha, com Edvaldo Ezidio dos Santos, Luciano Wieser Wender Zanon \u2013 Adulto<\/p>\n<p>19h30 \u2013 Encontro com escritor \u201cA passarela da cabe\u00e7a\u201d, Audit\u00f3rio Sady Schiwitz \u2013 com Hildebrando Pereira Neto \u2013 EJA\/Livre<\/p>\n<p>\u00a0<\/p>\n","protected":false},"excerpt":{"rendered":"Clique para ouvir esta not\u00edcia Compartilhe Na pr\u00f3xima segunda-feira (6) a 40\u00aa Feira do Livro de Canoas contar\u00e1&hellip;\n","protected":false},"author":2,"featured_media":99507,"comment_status":"","ping_status":"","sticky":false,"template":"","format":"standard","meta":{"footnotes":""},"categories":[143],"tags":[169,114,115,170,32,33],"class_list":{"0":"post-99506","1":"post","2":"type-post","3":"status-publish","4":"format-standard","5":"has-post-thumbnail","7":"category-livros","8":"tag-books","9":"tag-entertainment","10":"tag-entretenimento","11":"tag-livros","12":"tag-portugal","13":"tag-pt"},"share_on_mastodon":{"url":"","error":""},"_links":{"self":[{"href":"https:\/\/www.europesays.com\/pt\/wp-json\/wp\/v2\/posts\/99506","targetHints":{"allow":["GET"]}}],"collection":[{"href":"https:\/\/www.europesays.com\/pt\/wp-json\/wp\/v2\/posts"}],"about":[{"href":"https:\/\/www.europesays.com\/pt\/wp-json\/wp\/v2\/types\/post"}],"author":[{"embeddable":true,"href":"https:\/\/www.europesays.com\/pt\/wp-json\/wp\/v2\/users\/2"}],"replies":[{"embeddable":true,"href":"https:\/\/www.europesays.com\/pt\/wp-json\/wp\/v2\/comments?post=99506"}],"version-history":[{"count":0,"href":"https:\/\/www.europesays.com\/pt\/wp-json\/wp\/v2\/posts\/99506\/revisions"}],"wp:featuredmedia":[{"embeddable":true,"href":"https:\/\/www.europesays.com\/pt\/wp-json\/wp\/v2\/media\/99507"}],"wp:attachment":[{"href":"https:\/\/www.europesays.com\/pt\/wp-json\/wp\/v2\/media?parent=99506"}],"wp:term":[{"taxonomy":"category","embeddable":true,"href":"https:\/\/www.europesays.com\/pt\/wp-json\/wp\/v2\/categories?post=99506"},{"taxonomy":"post_tag","embeddable":true,"href":"https:\/\/www.europesays.com\/pt\/wp-json\/wp\/v2\/tags?post=99506"}],"curies":[{"name":"wp","href":"https:\/\/api.w.org\/{rel}","templated":true}]}}