{"id":99550,"date":"2025-10-06T11:30:09","date_gmt":"2025-10-06T11:30:09","guid":{"rendered":"https:\/\/www.europesays.com\/pt\/99550\/"},"modified":"2025-10-06T11:30:09","modified_gmt":"2025-10-06T11:30:09","slug":"apple-e-a-ia-sera-um-novo-exemplo-da-tartaruga","status":"publish","type":"post","link":"https:\/\/www.europesays.com\/pt\/99550\/","title":{"rendered":"Apple e a IA&#8230; Ser\u00e1 um novo exemplo da tartaruga?"},"content":{"rendered":"<p>A Apple est\u00e1 muito atr\u00e1s das rivais no campo da Intelig\u00eancia Artificial. N\u00e3o que isso afete as vendas do iPhone, que como se pode ver pelo sucesso da nova gama iPhone 17, n\u00e3o \u00e9 de todo um problema para a gigante Norte-Americana.<\/p>\n<p>Mas, ainda assim, \u00e9 ineg\u00e1vel que as vozes a dizer que a Apple ficou para tr\u00e1s na corrida da Intelig\u00eancia Artificial est\u00e3o cada vez mais aud\u00edveis. A dizer que perdeu o comboio. Que est\u00e1 lenta, desatenta, e sem vis\u00e3o. <strong>Mas\u2026 e se tudo isto for parte do plano?<\/strong> E se, mais uma vez, a Apple estiver a fazer o que sempre faz?<\/p>\n<p>Estamos a falar da velha t\u00e9cnica de deixar os outros testar o terreno, cometer erros, e s\u00f3 ent\u00e3o chegar com uma vers\u00e3o refinada e funcional? Seria interessante, mas n\u00e3o sei se \u00e9 assim t\u00e3o verdade.<\/p>\n<p><strong>Apple Intelligence: um arranque (muito) atrapalhado<\/strong><\/p>\n<p>A estreia da <strong>Apple Intelligence<\/strong> em 2024 n\u00e3o foi brilhante. Uma situa\u00e7\u00e3o que n\u00e3o tem vindo a melhorar com os esfor\u00e7os da Google (Pixel), Samsung (Galaxy S), e Xiaomi.<\/p>\n<p><img fetchpriority=\"high\" decoding=\"async\" class=\"aligncenter size-full wp-image-323124\" src=\"https:\/\/www.europesays.com\/pt\/wp-content\/uploads\/2025\/10\/Apple-Intelligence.jpg\" alt=\"Intelig\u00eancia Artificial Apple, apple intelligence vai chegar ainda mais atrasada ao iphone 16!\" width=\"1600\" height=\"900\"  \/><\/p>\n<p>O lan\u00e7amento prometia uma s\u00e9rie de novas fun\u00e7\u00f5es de IA, como emojis din\u00e2micos, edi\u00e7\u00e3o de imagem, resumos inteligentes, assistentes de escrita e uma Siri mais inteligente. Mas as duas fun\u00e7\u00f5es mais promissoras, as <strong>a\u00e7\u00f5es em apps<\/strong> e a <strong>consci\u00eancia de contexto pessoal<\/strong>, ficaram pelo caminho.<\/p>\n<p>Isto foi o suficiente para criar a perce\u00e7\u00e3o de que a Apple estava (e continua) perdida.<\/p>\n<p>Chegaram as cr\u00edticas, as piadas e at\u00e9 um <strong>processo judicial<\/strong>, com utilizadores a acusarem a empresa de ter vendido funcionalidades que ainda n\u00e3o existiam. Mas o cen\u00e1rio mudou. Em 2025, <strong>Tim Cook garantiu que a Siri personalizada est\u00e1 quase pronta<\/strong> e que as fun\u00e7\u00f5es em falta devem chegar em 2026.<\/p>\n<p><strong>A estrat\u00e9gia silenciosa da Apple?<\/strong><\/p>\n<p>Por mais que pare\u00e7a in\u00e9rcia, h\u00e1 m\u00e9todo nesta demora.<\/p>\n<p><img loading=\"lazy\" decoding=\"async\" class=\"aligncenter size-full wp-image-354946\" src=\"https:\/\/www.europesays.com\/pt\/wp-content\/uploads\/2025\/10\/1759750209_455_iphone-destaque-e1759668527119.jpg\" alt=\"iPhone\" width=\"1470\" height=\"1198\"  \/><\/p>\n<p>A Apple sempre preferiu <strong>entrar tarde, mas bem<\/strong>. Foi assim com os ecr\u00e3s OLED, com o 5G e at\u00e9 com os pagamentos m\u00f3veis. Agora, aplica a mesma l\u00f3gica \u00e0 IA: <strong>deixa os outros trope\u00e7ar<\/strong> para depois chegar quando o mercado j\u00e1 percebe o que realmente funciona.<\/p>\n<p><strong>Aqui pode existir alguma raz\u00e3o. Visto que, nos bastidores, a empresa est\u00e1 longe de estar parada:<\/strong><\/p>\n<ul>\n<li><strong>Assinou parceria com a OpenAI<\/strong> para integrar modelos de linguagem no ecossistema Apple Intelligence.<\/li>\n<li><strong>Comprou startups<\/strong> como a <strong>TrueMeeting<\/strong> e a <strong>WhyLabs<\/strong> para refor\u00e7ar a experi\u00eancia interna em IA.<\/li>\n<li>Criou o conceito de <strong>Private Apple Intelligence<\/strong>, onde o processamento \u00e9 feito no pr\u00f3prio dispositivo sempre que poss\u00edvel, mantendo os dados do utilizador encriptados e privados.<\/li>\n<li>Desenvolveu o seu <strong>modelo de IA de 3 mil milh\u00f5es de par\u00e2metros<\/strong>, otimizado para iPhones e iPads.<\/li>\n<li>Abriu os seus <strong>modelos internos a programadores<\/strong>, atrav\u00e9s do novo Foundational Models Framework, para integrar IA entre apps de forma fluida.<\/li>\n<\/ul>\n<p>Em suma, a Apple n\u00e3o est\u00e1 parada a aguardar pelas parceiras. Est\u00e1 de facto a fazer alguma coisa.<\/p>\n<p><strong>A velha hist\u00f3ria da tartaruga e do coelho?<\/strong><\/p>\n<p>Enquanto o mundo da tecnologia corria, e de facto continua a correr atr\u00e1s do hype dos chatbots e dos modelos generativos cheios de erros e \u201calucina\u00e7\u00f5es\u201d, a Apple manteve o passo firme.<\/p>\n<p><strong>A OpenAI pode assim ser o coelho, r\u00e1pido e impulsivo, isto enquanto a Apple passa por tartaruga, paciente e met\u00f3dica<\/strong>.<\/p>\n<p>O que significa isto? A Apple n\u00e3o quer aparecer super forte na IA em 2025. Quer dominar em 2026 e adiante. Quer estar presente quando a IA estiver realmente integrada, e for de facto algo obrigat\u00f3rio para os consumidores.<\/p>\n","protected":false},"excerpt":{"rendered":"A Apple est\u00e1 muito atr\u00e1s das rivais no campo da Intelig\u00eancia Artificial. N\u00e3o que isso afete as vendas&hellip;\n","protected":false},"author":2,"featured_media":99551,"comment_status":"","ping_status":"","sticky":false,"template":"","format":"standard","meta":{"footnotes":""},"categories":[84],"tags":[109,107,108,32,33,105,103,104,106,110],"class_list":{"0":"post-99550","1":"post","2":"type-post","3":"status-publish","4":"format-standard","5":"has-post-thumbnail","7":"category-ciencia-e-tecnologia","8":"tag-ciencia","9":"tag-ciencia-e-tecnologia","10":"tag-cienciaetecnologia","11":"tag-portugal","12":"tag-pt","13":"tag-science","14":"tag-science-and-technology","15":"tag-scienceandtechnology","16":"tag-technology","17":"tag-tecnologia"},"share_on_mastodon":{"url":"","error":""},"_links":{"self":[{"href":"https:\/\/www.europesays.com\/pt\/wp-json\/wp\/v2\/posts\/99550","targetHints":{"allow":["GET"]}}],"collection":[{"href":"https:\/\/www.europesays.com\/pt\/wp-json\/wp\/v2\/posts"}],"about":[{"href":"https:\/\/www.europesays.com\/pt\/wp-json\/wp\/v2\/types\/post"}],"author":[{"embeddable":true,"href":"https:\/\/www.europesays.com\/pt\/wp-json\/wp\/v2\/users\/2"}],"replies":[{"embeddable":true,"href":"https:\/\/www.europesays.com\/pt\/wp-json\/wp\/v2\/comments?post=99550"}],"version-history":[{"count":0,"href":"https:\/\/www.europesays.com\/pt\/wp-json\/wp\/v2\/posts\/99550\/revisions"}],"wp:featuredmedia":[{"embeddable":true,"href":"https:\/\/www.europesays.com\/pt\/wp-json\/wp\/v2\/media\/99551"}],"wp:attachment":[{"href":"https:\/\/www.europesays.com\/pt\/wp-json\/wp\/v2\/media?parent=99550"}],"wp:term":[{"taxonomy":"category","embeddable":true,"href":"https:\/\/www.europesays.com\/pt\/wp-json\/wp\/v2\/categories?post=99550"},{"taxonomy":"post_tag","embeddable":true,"href":"https:\/\/www.europesays.com\/pt\/wp-json\/wp\/v2\/tags?post=99550"}],"curies":[{"name":"wp","href":"https:\/\/api.w.org\/{rel}","templated":true}]}}