{"id":99556,"date":"2025-10-06T11:38:12","date_gmt":"2025-10-06T11:38:12","guid":{"rendered":"https:\/\/www.europesays.com\/pt\/99556\/"},"modified":"2025-10-06T11:38:12","modified_gmt":"2025-10-06T11:38:12","slug":"sessao-da-tarde-o-que-vai-passar-na-globo-hoje-30-09","status":"publish","type":"post","link":"https:\/\/www.europesays.com\/pt\/99556\/","title":{"rendered":"Sess\u00e3o da Tarde | O que vai passar na Globo hoje (30\/09)?"},"content":{"rendered":"<p>A\u00a0<strong>Sess\u00e3o da Tarde\u00a0<\/strong>desta ter\u00e7a-feira (30) exibe o filme<strong>\u00a0Vamos Consertar o Mundo<\/strong>, de 2022. O longa-metragem tem dura\u00e7\u00e3o original de 1h52 e vai ao ar na TV Globo \u00e0s 15h40, hor\u00e1rio de Bras\u00edlia.<\/p>\n<p>No filme estrelado por Benjamin Otero e Connie Ballarini, um homem descobre que pode n\u00e3o ser o pai biol\u00f3gico de Benito, filho que ele cria h\u00e1 9 anos, e juntos, eles embarcam em uma aventura para descobrir a verdade sobre a paternidade da crian\u00e7a.<\/p>\n","protected":false},"excerpt":{"rendered":"A\u00a0Sess\u00e3o da Tarde\u00a0desta ter\u00e7a-feira (30) exibe o filme\u00a0Vamos Consertar o Mundo, de 2022. O longa-metragem tem dura\u00e7\u00e3o original&hellip;\n","protected":false},"author":2,"featured_media":99557,"comment_status":"","ping_status":"","sticky":false,"template":"","format":"standard","meta":{"footnotes":""},"categories":[142],"tags":[114,115,32,33,151],"class_list":{"0":"post-99556","1":"post","2":"type-post","3":"status-publish","4":"format-standard","5":"has-post-thumbnail","7":"category-tv","8":"tag-entertainment","9":"tag-entretenimento","10":"tag-portugal","11":"tag-pt","12":"tag-tv"},"share_on_mastodon":{"url":"","error":""},"_links":{"self":[{"href":"https:\/\/www.europesays.com\/pt\/wp-json\/wp\/v2\/posts\/99556","targetHints":{"allow":["GET"]}}],"collection":[{"href":"https:\/\/www.europesays.com\/pt\/wp-json\/wp\/v2\/posts"}],"about":[{"href":"https:\/\/www.europesays.com\/pt\/wp-json\/wp\/v2\/types\/post"}],"author":[{"embeddable":true,"href":"https:\/\/www.europesays.com\/pt\/wp-json\/wp\/v2\/users\/2"}],"replies":[{"embeddable":true,"href":"https:\/\/www.europesays.com\/pt\/wp-json\/wp\/v2\/comments?post=99556"}],"version-history":[{"count":0,"href":"https:\/\/www.europesays.com\/pt\/wp-json\/wp\/v2\/posts\/99556\/revisions"}],"wp:featuredmedia":[{"embeddable":true,"href":"https:\/\/www.europesays.com\/pt\/wp-json\/wp\/v2\/media\/99557"}],"wp:attachment":[{"href":"https:\/\/www.europesays.com\/pt\/wp-json\/wp\/v2\/media?parent=99556"}],"wp:term":[{"taxonomy":"category","embeddable":true,"href":"https:\/\/www.europesays.com\/pt\/wp-json\/wp\/v2\/categories?post=99556"},{"taxonomy":"post_tag","embeddable":true,"href":"https:\/\/www.europesays.com\/pt\/wp-json\/wp\/v2\/tags?post=99556"}],"curies":[{"name":"wp","href":"https:\/\/api.w.org\/{rel}","templated":true}]}}