{"id":99572,"date":"2025-10-06T12:06:22","date_gmt":"2025-10-06T12:06:22","guid":{"rendered":"https:\/\/www.europesays.com\/pt\/99572\/"},"modified":"2025-10-06T12:06:22","modified_gmt":"2025-10-06T12:06:22","slug":"marisa-fica-em-lagrimas-com-a-expulsao-da-noite-tvi","status":"publish","type":"post","link":"https:\/\/www.europesays.com\/pt\/99572\/","title":{"rendered":"Marisa fica em l\u00e1grimas com a expuls\u00e3o da noite &#8211; TVI"},"content":{"rendered":"<ol>\n<li><a href=\"https:\/\/news.google.com\/rss\/articles\/CBMirwFBVV95cUxPWnRoaG5lZGluWVhVRW82ZXFva0p4X1VTZ0JBVzNhSF9NNlNXeUphVk45NTJhXzhGblBra0wtNzBDWG1mZloxZy1EZE5PY0tFZ3B5c1dVUHAzbnFESTMzOUJGQWdMbTJTVmpQMU53ZHhWU1VxaldIN0tsVUY2UTlFSFhSOTVhTVUxRW0xdFFvNWwwWVRsSkxSa2h6U1VMY0RwWWM3YnZjTTdDQ1pjTzJr?oc=5\" target=\"_blank\" rel=\"nofollow noopener\">Marisa fica em l\u00e1grimas com a expuls\u00e3o da noite<\/a>&nbsp;&nbsp;TVI<\/li>\n<li><a href=\"https:\/\/news.google.com\/rss\/articles\/CBMi4wFBVV95cUxOcHB5MnNMYkFXaHhEQmNkZ0Jaa2NyS1B6NVA4cTAtN2ZzamFLNTBWeWwtQ1hVa2lDd2VhMXNYRXQxU3ZTM3ZjVVlxaDk1eVlLeWlDOUl4WGY5c2Vsak5zaGxQenlmdlFtNkExMXJBUnFxTWhKci0xYXQxNnR0dXhvNnRFU0RqTEFHWU1QdjJhVmtQQndnNG5nUHJtX0hRTngyRFlTZDRTTkZ6SUtXV1R1YTlVOFZrazlGRnc0Zk9TVVJ2TVJVMkliV2pfMnRqS0Z0SlZSZFFSU0VjSGo2dmg2VGRUdw?oc=5\" target=\"_blank\" rel=\"nofollow noopener\">A voz deu a oportunidade a um \u00fanico concorrente de ver uma pista. Descubra quem foi o escolhido<\/a>&nbsp;&nbsp;Not\u00edcias de hoje &#8211; IOL<\/li>\n<li><a href=\"https:\/\/news.google.com\/rss\/articles\/CBMi0AFBVV95cUxPN1ZIVnA5bkowRm5oWXpwdXhDMXkxYWtReFgwSXVVMjZST09XV21nQ1JHMmo3RjhmVktZWktfNEdNWVJYYzhRSmtwSTc4TVRQV202aDRKZVZNWWhDLWhCNDB5bzJRZFFLcmxCOUk5RmxjZFlRaW9FUmliSXVINUxiZV9aNDRkU09xWjdldG0yUGgtTEEybHY0c0ppYURvbG1Fano4RzdTaVF0UTlWdDhKRHVKYzdFVEdLQ0JqbEtXTGtfV1ExakhsVUlta0lTTWht?oc=5\" target=\"_blank\" rel=\"nofollow noopener\">Leandro &#8216;debaixo de fogo&#8217; ap\u00f3s ataques de v\u00e1rios concorrentes: \u00ab\u00c9 um ditador\u00bb<\/a>&nbsp;&nbsp;TVI<\/li>\n<li><a href=\"https:\/\/news.google.com\/rss\/articles\/CBMi0wFBVV95cUxNX0JaaXRkbnRkMW91cFY5RkVfQVQtRG9aRUxzZ3hfNWdvQXNCb2REdC14Z2xidmdfQVUyeEExajdXZkRNQ09CZEtRQVYzS2xzQTlzVnk4YnFDSU00WmdZVnhobXBpb2NiNlZlejVmZjVwYW5iQk1wa1MwZGQ2VXA5cjFKb28xcVVRTm5RQ2Vya3F5RDlpdjI5ZjYtcTl0VXB0b204YXRvckd6YlF6RnNfbVF4TmtpdV9DRGNPNG9mdHZaM3VJZGxfaFllMThpaDFiQnRn?oc=5\" target=\"_blank\" rel=\"nofollow noopener\">Segredo de Mariana quase a ser descoberto? H\u00e1 quem desconfie da concorrente<\/a>&nbsp;&nbsp;TVI<\/li>\n<li><a href=\"https:\/\/news.google.com\/rss\/articles\/CBMi_AFBVV95cUxObU9RT3dLVFByeXZibGplTEhhOHdHOVJrc0VyeUFwUUo0WnExNGJheWxpaGJaUlhBUlRySzNOcmVhZTQ5WnVJbUZLWDQ5MGl0RzJOQnVkLUZka0w1X1RXTzRfUnFZZ3FCczVFZkpNNUtiaWZqSjBSOVQwN0ZFQ2VnRWFuNS14V2RVLWIwQXpkbzhyMzZvd3MyM1Z5QjJ0NkozZnFoWVZrVGhjMVVnSVIyNlZocFNmb2pkaGtCOWRHUHhhOXdpQ3p2S3hONk8xTVZjbnVPaUJYdGxCQmV2bUxVUy1zM2JpeVRCeTJfbFB2d1hSZHY3X0hXanVRY1g?oc=5\" target=\"_blank\" rel=\"nofollow noopener\">\u00abSe conheces outra pessoa de quem come\u00e7as a gostar&#8230; as pessoas compreendem\u00bb: Liliana \u00e9 confrontada pelo amigo?<\/a>&nbsp;&nbsp;TVI<\/li>\n<\/ol>\n","protected":false},"excerpt":{"rendered":"Marisa fica em l\u00e1grimas com a expuls\u00e3o da noite&nbsp;&nbsp;TVI A voz deu a oportunidade a um \u00fanico concorrente&hellip;\n","protected":false},"author":2,"featured_media":99573,"comment_status":"","ping_status":"","sticky":false,"template":"","format":"standard","meta":{"footnotes":""},"categories":[142],"tags":[114,115,19033,19034,32,33,151,19032],"class_list":{"0":"post-99572","1":"post","2":"type-post","3":"status-publish","4":"format-standard","5":"has-post-thumbnail","7":"category-tv","8":"tag-entertainment","9":"tag-entretenimento","10":"tag-galas-em-video","11":"tag-melhores-momentos-casa-dos-segredos","12":"tag-portugal","13":"tag-pt","14":"tag-tv","15":"tag-videos-secret-story-tvi"},"share_on_mastodon":{"url":"","error":""},"_links":{"self":[{"href":"https:\/\/www.europesays.com\/pt\/wp-json\/wp\/v2\/posts\/99572","targetHints":{"allow":["GET"]}}],"collection":[{"href":"https:\/\/www.europesays.com\/pt\/wp-json\/wp\/v2\/posts"}],"about":[{"href":"https:\/\/www.europesays.com\/pt\/wp-json\/wp\/v2\/types\/post"}],"author":[{"embeddable":true,"href":"https:\/\/www.europesays.com\/pt\/wp-json\/wp\/v2\/users\/2"}],"replies":[{"embeddable":true,"href":"https:\/\/www.europesays.com\/pt\/wp-json\/wp\/v2\/comments?post=99572"}],"version-history":[{"count":0,"href":"https:\/\/www.europesays.com\/pt\/wp-json\/wp\/v2\/posts\/99572\/revisions"}],"wp:featuredmedia":[{"embeddable":true,"href":"https:\/\/www.europesays.com\/pt\/wp-json\/wp\/v2\/media\/99573"}],"wp:attachment":[{"href":"https:\/\/www.europesays.com\/pt\/wp-json\/wp\/v2\/media?parent=99572"}],"wp:term":[{"taxonomy":"category","embeddable":true,"href":"https:\/\/www.europesays.com\/pt\/wp-json\/wp\/v2\/categories?post=99572"},{"taxonomy":"post_tag","embeddable":true,"href":"https:\/\/www.europesays.com\/pt\/wp-json\/wp\/v2\/tags?post=99572"}],"curies":[{"name":"wp","href":"https:\/\/api.w.org\/{rel}","templated":true}]}}