{"id":99582,"date":"2025-10-06T12:33:08","date_gmt":"2025-10-06T12:33:08","guid":{"rendered":"https:\/\/www.europesays.com\/pt\/99582\/"},"modified":"2025-10-06T12:33:08","modified_gmt":"2025-10-06T12:33:08","slug":"prefeitura-do-cabo-de-santo-agostinho","status":"publish","type":"post","link":"https:\/\/www.europesays.com\/pt\/99582\/","title":{"rendered":"Prefeitura do Cabo de Santo Agostinho"},"content":{"rendered":"<p>\t\t\t\t\tProfessores do Cabo recebem b\u00f4nus para compras na Bienal do Livro<br \/>\n\t\t\t\t\taccess_time<br \/>\n\t\t\t\t\t03\/10\/2025<\/p>\n<p><img decoding=\"async\" src=\"https:\/\/www.europesays.com\/pt\/wp-content\/uploads\/2025\/10\/WhatsApp_Image_2025-10-03_at_12.52.13..jpg\" width=\"100%\"\/><\/p>\n<p>Os professores da rede municipal de ensino, al\u00e9m de t\u00e9cnicos e servidores da Secretaria Municipal de Educa\u00e7\u00e3o do Cabo de Santo Agostinho, foram contemplados com um b\u00f4nus no valor de R$ 600,00 para utiliza\u00e7\u00e3o na 15\u00aa Bienal Internacional do Livro de Pernambuco, que come\u00e7ou nesta sexta-feira (3) e segue at\u00e9 o dia 12 de outubro, no Centro de Conven\u00e7\u00f5es de Olinda. Ao todo, 3.044 profissionais foram beneficiados.<\/p>\n<p>O b\u00f4nus dever\u00e1 ser utilizado na compra de livros e material pedag\u00f3gico e est\u00e1 sendo disponibilizado por meio de um aplicativo chamado ZIG: ingressos e consumo f\u00e1cil. Os contemplados devem baixar o app e realizar o cadastro utilizando o CPF. Ap\u00f3s o cadastro e a confirma\u00e7\u00e3o do valor, o cart\u00e3o estar\u00e1 dispon\u00edvel para uso em qualquer ponto de venda do local. A bienal \u00e9 considerada o maior evento liter\u00e1rio do Nordeste e o terceiro maior do Brasil, estando oficialmente integrada ao Calend\u00e1rio de Eventos de Pernambuco pela Lei n\u00ba 14.536\/2011. Com a recente Lei Ordin\u00e1ria n\u00ba 158\/2025, o evento tamb\u00e9m foi reconhecido como Patrim\u00f4nio Cultural Imaterial do Recife, refor\u00e7ando sua import\u00e2ncia para a cultura e a leitura no estado. <\/p>\n<p>Para o prefeito Lula Cabral, a a\u00e7\u00e3o valoriza o trabalho dos educadores e incentiva a forma\u00e7\u00e3o continuada. \u201cO investimento em educa\u00e7\u00e3o vai al\u00e9m da sala de aula. Queremos que nossos professores tenham acesso a novas obras, autores e conhecimentos, fortalecendo a pr\u00e1tica pedag\u00f3gica e levando mais qualidade para o ensino da rede municipal\u201d, destacou.<\/p>\n<p>De acordo com o secret\u00e1rio municipal de Educa\u00e7\u00e3o, Isaltino Nascimento, a medida refor\u00e7a o compromisso da gest\u00e3o com a valoriza\u00e7\u00e3o da categoria e com o fortalecimento da educa\u00e7\u00e3o p\u00fablica no Cabo. \u201cEsse \u00e9 um gesto de reconhecimento e est\u00edmulo. Acreditamos que o contato direto com a produ\u00e7\u00e3o liter\u00e1ria amplia horizontes e enriquece o trabalho desenvolvido em sala de aula. Cada livro escolhido pelos nossos professores \u00e9 um investimento na aprendizagem dos nossos alunos\u201d, afirmou.<\/p>\n<p>Por Ra\u00edza Muniz<\/p>\n","protected":false},"excerpt":{"rendered":"Professores do Cabo recebem b\u00f4nus para compras na Bienal do Livro access_time 03\/10\/2025 Os professores da rede municipal&hellip;\n","protected":false},"author":2,"featured_media":99583,"comment_status":"","ping_status":"","sticky":false,"template":"","format":"standard","meta":{"footnotes":""},"categories":[143],"tags":[169,114,115,170,32,33],"class_list":{"0":"post-99582","1":"post","2":"type-post","3":"status-publish","4":"format-standard","5":"has-post-thumbnail","7":"category-livros","8":"tag-books","9":"tag-entertainment","10":"tag-entretenimento","11":"tag-livros","12":"tag-portugal","13":"tag-pt"},"share_on_mastodon":{"url":"","error":""},"_links":{"self":[{"href":"https:\/\/www.europesays.com\/pt\/wp-json\/wp\/v2\/posts\/99582","targetHints":{"allow":["GET"]}}],"collection":[{"href":"https:\/\/www.europesays.com\/pt\/wp-json\/wp\/v2\/posts"}],"about":[{"href":"https:\/\/www.europesays.com\/pt\/wp-json\/wp\/v2\/types\/post"}],"author":[{"embeddable":true,"href":"https:\/\/www.europesays.com\/pt\/wp-json\/wp\/v2\/users\/2"}],"replies":[{"embeddable":true,"href":"https:\/\/www.europesays.com\/pt\/wp-json\/wp\/v2\/comments?post=99582"}],"version-history":[{"count":0,"href":"https:\/\/www.europesays.com\/pt\/wp-json\/wp\/v2\/posts\/99582\/revisions"}],"wp:featuredmedia":[{"embeddable":true,"href":"https:\/\/www.europesays.com\/pt\/wp-json\/wp\/v2\/media\/99583"}],"wp:attachment":[{"href":"https:\/\/www.europesays.com\/pt\/wp-json\/wp\/v2\/media?parent=99582"}],"wp:term":[{"taxonomy":"category","embeddable":true,"href":"https:\/\/www.europesays.com\/pt\/wp-json\/wp\/v2\/categories?post=99582"},{"taxonomy":"post_tag","embeddable":true,"href":"https:\/\/www.europesays.com\/pt\/wp-json\/wp\/v2\/tags?post=99582"}],"curies":[{"name":"wp","href":"https:\/\/api.w.org\/{rel}","templated":true}]}}