{"id":99590,"date":"2025-10-06T12:47:30","date_gmt":"2025-10-06T12:47:30","guid":{"rendered":"https:\/\/www.europesays.com\/pt\/99590\/"},"modified":"2025-10-06T12:47:30","modified_gmt":"2025-10-06T12:47:30","slug":"professor-da-ufrb-lanca-livro-sobre-ditadura-e-telenovela-no-ii-congresso-de-historia-social-da-bahia","status":"publish","type":"post","link":"https:\/\/www.europesays.com\/pt\/99590\/","title":{"rendered":"Professor da UFRB lan\u00e7a livro sobre ditadura e telenovela no II Congresso de Hist\u00f3ria Social da Bahia"},"content":{"rendered":"<p>\t\t\t\t\t\t\t\t\t<a href=\"https:\/\/jornalgrandebahia.com.br\/author\/jornal-grande-bahia\/\" rel=\"nofollow noopener\" target=\"_blank\"><\/p>\n<p>\t\t\t\t\t\t\tReda\u00e7\u00e3o do Jornal Grande Bahia<br \/>\n\t\t\t\t\t<\/a><\/p>\n<p>\n\t\t\t\t\t\tO Jornal Grande Bahia (JGB) \u00e9 um site de not\u00edcias com publica\u00e7\u00f5es que abrangem as Regi\u00f5es Metropolitanas de Feira de Santana e Salvador, dirigido e editado pelo jornalista e cientista social Carlos Augusto.\t\t\t\t\t<\/p>\n<p>\t\t\t\t\t\t\t\t\t<a class=\"elementor-author-box__button elementor-button elementor-size-xs\" href=\"https:\/\/jornalgrandebahia.com.br\/author\/jornal-grande-bahia\/\" rel=\"nofollow noopener\" target=\"_blank\"><br \/>\n\t\t\t\t\t\tLeia +\t\t\t\t\t<\/a><\/p>\n","protected":false},"excerpt":{"rendered":"Reda\u00e7\u00e3o do Jornal Grande Bahia O Jornal Grande Bahia (JGB) \u00e9 um site de not\u00edcias com publica\u00e7\u00f5es que&hellip;\n","protected":false},"author":2,"featured_media":99591,"comment_status":"","ping_status":"","sticky":false,"template":"","format":"standard","meta":{"footnotes":""},"categories":[143],"tags":[169,114,115,170,32,33,24373,24374],"class_list":{"0":"post-99590","1":"post","2":"type-post","3":"status-publish","4":"format-standard","5":"has-post-thumbnail","7":"category-livros","8":"tag-books","9":"tag-entertainment","10":"tag-entretenimento","11":"tag-livros","12":"tag-portugal","13":"tag-pt","14":"tag-setor-da-cultura","15":"tag-universidade-federal-do-reconcavo-da-bahia-ufrb"},"share_on_mastodon":{"url":"","error":""},"_links":{"self":[{"href":"https:\/\/www.europesays.com\/pt\/wp-json\/wp\/v2\/posts\/99590","targetHints":{"allow":["GET"]}}],"collection":[{"href":"https:\/\/www.europesays.com\/pt\/wp-json\/wp\/v2\/posts"}],"about":[{"href":"https:\/\/www.europesays.com\/pt\/wp-json\/wp\/v2\/types\/post"}],"author":[{"embeddable":true,"href":"https:\/\/www.europesays.com\/pt\/wp-json\/wp\/v2\/users\/2"}],"replies":[{"embeddable":true,"href":"https:\/\/www.europesays.com\/pt\/wp-json\/wp\/v2\/comments?post=99590"}],"version-history":[{"count":0,"href":"https:\/\/www.europesays.com\/pt\/wp-json\/wp\/v2\/posts\/99590\/revisions"}],"wp:featuredmedia":[{"embeddable":true,"href":"https:\/\/www.europesays.com\/pt\/wp-json\/wp\/v2\/media\/99591"}],"wp:attachment":[{"href":"https:\/\/www.europesays.com\/pt\/wp-json\/wp\/v2\/media?parent=99590"}],"wp:term":[{"taxonomy":"category","embeddable":true,"href":"https:\/\/www.europesays.com\/pt\/wp-json\/wp\/v2\/categories?post=99590"},{"taxonomy":"post_tag","embeddable":true,"href":"https:\/\/www.europesays.com\/pt\/wp-json\/wp\/v2\/tags?post=99590"}],"curies":[{"name":"wp","href":"https:\/\/api.w.org\/{rel}","templated":true}]}}