{"id":99594,"date":"2025-10-06T12:52:08","date_gmt":"2025-10-06T12:52:08","guid":{"rendered":"https:\/\/www.europesays.com\/pt\/99594\/"},"modified":"2025-10-06T12:52:08","modified_gmt":"2025-10-06T12:52:08","slug":"campanha-de-multivacinacao-para-criancas-e-adolescentes-comeca-nesta-segunda-feira-no-rio","status":"publish","type":"post","link":"https:\/\/www.europesays.com\/pt\/99594\/","title":{"rendered":"Campanha de multivacina\u00e7\u00e3o para crian\u00e7as e adolescentes come\u00e7a nesta segunda-feira no Rio"},"content":{"rendered":"\n<p class=\" content-text__container theme-color-primary-first-letter\" data-track-category=\"Link no Texto\" data-track-links=\"\"> A Secretaria Municipal de Sa\u00fade (SMS) do <a class=\"\" href=\"https:\/\/oglobo.globo.com\/tudo-sobre\/uf\/rio-de-janeiro\" rel=\"nofollow noopener\" target=\"_blank\">Rio de Janeiro<\/a> inicia, nesta segunda-feira, a Campanha de Multivacina\u00e7\u00e3o para atualiza\u00e7\u00e3o da caderneta de crian\u00e7as e adolescentes menores de 15 anos. Todas as vacinas de rotina estar\u00e3o dispon\u00edveis nas 239 unidades de Aten\u00e7\u00e3o Prim\u00e1ria da cidade \u2014 entre cl\u00ednicas da fam\u00edlia e centros municipais de sa\u00fade \u2014 at\u00e9 o dia 31 de outubro. O \u201cDia D\u201d de mobiliza\u00e7\u00e3o ser\u00e1 em 18 de outubro, s\u00e1bado, quando todos os postos estar\u00e3o abertos at\u00e9 as 17h. <\/p>\n<ul class=\"content-unordered-list\">\n<li><strong>Tecnologia:<\/strong> <a class=\"\" href=\"https:\/\/oglobo.globo.com\/rio\/noticia\/2025\/10\/06\/servicos-na-orbita-do-mercado-de-hospedagem-de-curta-temporada-por-plataformas-digitais-se-multiplicam-no-rio.ghtml\" rel=\"nofollow noopener\" target=\"_blank\">Servi\u00e7os na \u00f3rbita do mercado de hospedagem de curta temporada por plataformas digitais se multiplicam no Rio<\/a><\/li>\n<li><strong>Monitoramento:<\/strong> <a class=\"\" href=\"https:\/\/oglobo.globo.com\/rio\/noticia\/2025\/10\/05\/rio-de-janeiro-tem-novo-caso-suspeito-de-intoxicacao-por-metanol-agora-na-regiao-dos-lagos.ghtml\" rel=\"nofollow noopener\" target=\"_blank\">Rio de Janeiro tem novo caso suspeito de intoxica\u00e7\u00e3o por metanol, agora na Regi\u00e3o dos Lagos<\/a><\/li>\n<\/ul>\n<p class=\" content-text__container \" data-track-category=\"Link no Texto\" data-track-links=\"\"> O objetivo \u00e9 garantir que a cobertura vacinal de crian\u00e7as e adolescentes esteja em dia, conforme o calend\u00e1rio b\u00e1sico de vacina\u00e7\u00e3o preconizado pelo Programa Nacional de Imuniza\u00e7\u00f5es (PNI), do Minist\u00e9rio da Sa\u00fade. A orienta\u00e7\u00e3o \u00e9 que pais e respons\u00e1veis levem aos postos a caderneta de vacina\u00e7\u00e3o ou outro comprovante vacinal para avalia\u00e7\u00e3o das equipes de sa\u00fade. <\/p>\n<p class=\" content-text__container \" data-track-category=\"Link no Texto\" data-track-links=\"\"> Entre os imunizantes ofertados durante a campanha est\u00e3o as vacinas contra: <\/p>\n<ul class=\"content-unordered-list\">\n<li>hepatites A e B<\/li>\n<li>HPV<\/li>\n<li>influenza<\/li>\n<li>covid-19<\/li>\n<li>BCG<\/li>\n<li>pentavalente<\/li>\n<li>tr\u00edplice viral<\/li>\n<li>varicela<\/li>\n<li>meningite ACWY e C<\/li>\n<li>pneumoc\u00f3cica 10<\/li>\n<li>DTP<\/li>\n<li>febre amarela<\/li>\n<li>rotav\u00edrus<\/li>\n<\/ul>\n<ul class=\"content-unordered-list\">\n<li><strong>Mudan\u00e7as:<\/strong> <a class=\"\" href=\"https:\/\/oglobo.globo.com\/rio\/noticia\/2025\/10\/06\/depois-de-segunda-feira-com-calor-e-ventania-tempo-vira-na-terca-com-chegada-de-frente-fria.ghtml\" rel=\"nofollow noopener\" target=\"_blank\">Depois de segunda-feira com calor e ventania, tempo vira na ter\u00e7a com chegada de frente fria<\/a><\/li>\n<\/ul>\n<p class=\" content-text__container \" data-track-category=\"Link no Texto\" data-track-links=\"\"> De acordo com o secret\u00e1rio municipal de Sa\u00fade do Rio, Daniel Soranz, a a\u00e7\u00e3o \u00e9 uma das mais importantes do calend\u00e1rio anual: <\/p>\n<p class=\" content-text__container \" data-track-category=\"Link no Texto\" data-track-links=\"\"> \u2014 Hoje \u00e9 a nossa campanha mais importante, em que vacinamos todas as pessoas at\u00e9 15 anos de idade. S\u00e3o 16 vacinas diferentes que s\u00e3o aplicadas. Recomendamos que todos os pais de crian\u00e7as e adolescentes procurem uma unidade de sa\u00fade para conferir a caderneta de vacina\u00e7\u00e3o. \u00c0s vezes os pais acham que j\u00e1 est\u00e1 em dia, mas isso nem sempre \u00e9 verdade \u2014 afirma Soranz. <\/p>\n<ul class=\"content-unordered-list\">\n<li><strong>Problemas em compras:<\/strong> <a class=\"\" href=\"https:\/\/oglobo.globo.com\/rio\/bairros\/niteroi\/noticia\/2025\/10\/06\/vereador-de-niteroi-contesta-no-mp-contrato-milionario-da-area-de-educacao-prefeitura-nega-irregularidades.ghtml\" rel=\"nofollow noopener\" target=\"_blank\">Vereador de Niter\u00f3i contesta no MP contrato milion\u00e1rio da \u00e1rea de educa\u00e7\u00e3o; prefeitura nega irregularidades<\/a><\/li>\n<\/ul>\n<p class=\" content-text__container \" data-track-category=\"Link no Texto\" data-track-links=\"\"> O secret\u00e1rio destacou que a estimativa \u00e9 de que 300 mil crian\u00e7as precisem atualizar a caderneta neste m\u00eas. <\/p>\n<p class=\" content-text__container \" data-track-category=\"Link no Texto\" data-track-links=\"\"> \u2014 A campanha come\u00e7a nesta segunda e vai at\u00e9 o dia 31. No dia 18 \u00e9 o dia D, com os postos abertos at\u00e9 as 17h. Para quem tem dificuldade de ir no hor\u00e1rio comercial, os supercentros cariocas de vacina\u00e7\u00e3o ficam abertos das 8h \u00e0s 22h, inclusive s\u00e1bados, domingos e feriados \u2014 explicou. <\/p>\n<ul class=\"content-unordered-list\">\n<li><strong>Carnaval 2026:<\/strong> <a class=\"\" href=\"https:\/\/oglobo.globo.com\/blogs\/ancelmo-gois\/post\/2025\/10\/carnaval-2026-concurso-da-corte-real-vai-rechear-outubro-com-shows-na-cidade-do-samba.ghtml\" rel=\"nofollow noopener\" target=\"_blank\">concurso da Corte Real vai rechear outubro com shows na Cidade do Samba<\/a><\/li>\n<\/ul>\n<p class=\" content-text__container \" data-track-category=\"Link no Texto\" data-track-links=\"\"> Soranz tamb\u00e9m fez um alerta especial sobre a baixa cobertura da vacina contra o HPV, que protege contra v\u00e1rios tipos de c\u00e2ncer, inclusive o de colo do \u00fatero. <\/p>\n<p class=\" content-text__container \" data-track-category=\"Link no Texto\" data-track-links=\"\"> \u2014 A vacina do HPV \u00e9 uma das mais importantes e infelizmente \u00e9 a de menor cobertura hoje. Ela salva vidas e previne doen\u00e7as graves. A gente pede que os pais estejam atentos e n\u00e3o deixem para a \u00faltima hora \u2014 refor\u00e7ou. <\/p>\n","protected":false},"excerpt":{"rendered":"A Secretaria Municipal de Sa\u00fade (SMS) do Rio de Janeiro inicia, nesta segunda-feira, a Campanha de Multivacina\u00e7\u00e3o para&hellip;\n","protected":false},"author":2,"featured_media":99595,"comment_status":"","ping_status":"","sticky":false,"template":"","format":"standard","meta":{"footnotes":""},"categories":[86],"tags":[319,116,32,33,2326,117,2459],"class_list":{"0":"post-99594","1":"post","2":"type-post","3":"status-publish","4":"format-standard","5":"has-post-thumbnail","7":"category-saude","8":"tag-hard-news","9":"tag-health","10":"tag-portugal","11":"tag-pt","12":"tag-rio-de-janeiro","13":"tag-saude","14":"tag-sudeste"},"share_on_mastodon":{"url":"","error":""},"_links":{"self":[{"href":"https:\/\/www.europesays.com\/pt\/wp-json\/wp\/v2\/posts\/99594","targetHints":{"allow":["GET"]}}],"collection":[{"href":"https:\/\/www.europesays.com\/pt\/wp-json\/wp\/v2\/posts"}],"about":[{"href":"https:\/\/www.europesays.com\/pt\/wp-json\/wp\/v2\/types\/post"}],"author":[{"embeddable":true,"href":"https:\/\/www.europesays.com\/pt\/wp-json\/wp\/v2\/users\/2"}],"replies":[{"embeddable":true,"href":"https:\/\/www.europesays.com\/pt\/wp-json\/wp\/v2\/comments?post=99594"}],"version-history":[{"count":0,"href":"https:\/\/www.europesays.com\/pt\/wp-json\/wp\/v2\/posts\/99594\/revisions"}],"wp:featuredmedia":[{"embeddable":true,"href":"https:\/\/www.europesays.com\/pt\/wp-json\/wp\/v2\/media\/99595"}],"wp:attachment":[{"href":"https:\/\/www.europesays.com\/pt\/wp-json\/wp\/v2\/media?parent=99594"}],"wp:term":[{"taxonomy":"category","embeddable":true,"href":"https:\/\/www.europesays.com\/pt\/wp-json\/wp\/v2\/categories?post=99594"},{"taxonomy":"post_tag","embeddable":true,"href":"https:\/\/www.europesays.com\/pt\/wp-json\/wp\/v2\/tags?post=99594"}],"curies":[{"name":"wp","href":"https:\/\/api.w.org\/{rel}","templated":true}]}}