{"id":99606,"date":"2025-10-06T13:19:12","date_gmt":"2025-10-06T13:19:12","guid":{"rendered":"https:\/\/www.europesays.com\/pt\/99606\/"},"modified":"2025-10-06T13:19:12","modified_gmt":"2025-10-06T13:19:12","slug":"manchester-united-de-ruben-amorim-mantem-interesse-em-alvo-de-verao-para-a-baliza","status":"publish","type":"post","link":"https:\/\/www.europesays.com\/pt\/99606\/","title":{"rendered":"Manchester United de Ruben Amorim mant\u00e9m interesse em alvo de ver\u00e3o para a baliza"},"content":{"rendered":"<p><strong>O Manchester United mant\u00e9m interesse em Emiliano Mart\u00ednez. Os red devils tentaram contratar o guarda-redes argentino no \u00faltimo mercado.<\/strong><\/p>\n<p>O Manchester United continua interessado em Emiliano Mart\u00ednez, mesmo depois de <a href=\"https:\/\/bolanarede.pt\/especial-bola-na-rede\/atualidade\/eis-os-bastidores-da-transferencia-falhada-de-emiliano-martinez-para-o-manchester-united-de-ruben-amorim\/\" target=\"_blank\" rel=\"noreferrer noopener nofollow\">falhar a sua contrata\u00e7\u00e3o no \u00faltimo mercado<\/a>. Segundo o Football Insider, o antigo olheiro dos red devils, Mick Brown, revelou que Ruben Amorim procura refor\u00e7ar a baliza, mesmo ap\u00f3s a <a href=\"https:\/\/bolanarede.pt\/especial-bola-na-rede\/atualidade\/manchester-united-de-ruben-amorim-confirma-contratacao-de-senne-lammens-para-a-baliza\/\" target=\"_blank\" rel=\"noreferrer noopener nofollow\">chegada de Senne Lammens<\/a>.<\/p>\n<p>O antigo funcion\u00e1rio do Manchester United acrescentou ainda que o guarda-redes argentino ficou dececionado por n\u00e3o se ter juntado ao clube ingl\u00eas no ver\u00e3o, apesar de ter pressionado o Aston Villa para sair.<\/p>\n<p>Emiliano Mart\u00ednez chegou mesmo a despedir-se oficialmente do clube, por\u00e9m o capit\u00e3o <a href=\"https:\/\/bolanarede.pt\/especial-bola-na-rede\/atualidade\/emiliano-martinez-com-futuro-definido-apos-nao-rumar-ao-manchester-united\/\" target=\"_blank\" rel=\"noreferrer noopener nofollow\">permaneceu no clube<\/a> e j\u00e1 jogou quatro partidas esta temporada.<\/p>\n","protected":false},"excerpt":{"rendered":"O Manchester United mant\u00e9m interesse em Emiliano Mart\u00ednez. Os red devils tentaram contratar o guarda-redes argentino no \u00faltimo&hellip;\n","protected":false},"author":2,"featured_media":1321,"comment_status":"","ping_status":"","sticky":false,"template":"","format":"standard","meta":{"footnotes":""},"categories":[87],"tags":[1411,260,135,15314,663,32,666,33,134],"class_list":{"0":"post-99606","1":"post","2":"type-post","3":"status-publish","4":"format-standard","5":"has-post-thumbnail","7":"category-desporto","8":"tag-aston-villa","9":"tag-atualidade","10":"tag-desporto","11":"tag-emiliano-martinez","12":"tag-manchester-united","13":"tag-portugal","14":"tag-premier-league","15":"tag-pt","16":"tag-sports"},"share_on_mastodon":{"url":"","error":""},"_links":{"self":[{"href":"https:\/\/www.europesays.com\/pt\/wp-json\/wp\/v2\/posts\/99606","targetHints":{"allow":["GET"]}}],"collection":[{"href":"https:\/\/www.europesays.com\/pt\/wp-json\/wp\/v2\/posts"}],"about":[{"href":"https:\/\/www.europesays.com\/pt\/wp-json\/wp\/v2\/types\/post"}],"author":[{"embeddable":true,"href":"https:\/\/www.europesays.com\/pt\/wp-json\/wp\/v2\/users\/2"}],"replies":[{"embeddable":true,"href":"https:\/\/www.europesays.com\/pt\/wp-json\/wp\/v2\/comments?post=99606"}],"version-history":[{"count":0,"href":"https:\/\/www.europesays.com\/pt\/wp-json\/wp\/v2\/posts\/99606\/revisions"}],"wp:featuredmedia":[{"embeddable":true,"href":"https:\/\/www.europesays.com\/pt\/wp-json\/wp\/v2\/media\/1321"}],"wp:attachment":[{"href":"https:\/\/www.europesays.com\/pt\/wp-json\/wp\/v2\/media?parent=99606"}],"wp:term":[{"taxonomy":"category","embeddable":true,"href":"https:\/\/www.europesays.com\/pt\/wp-json\/wp\/v2\/categories?post=99606"},{"taxonomy":"post_tag","embeddable":true,"href":"https:\/\/www.europesays.com\/pt\/wp-json\/wp\/v2\/tags?post=99606"}],"curies":[{"name":"wp","href":"https:\/\/api.w.org\/{rel}","templated":true}]}}