{"id":99621,"date":"2025-10-06T13:35:18","date_gmt":"2025-10-06T13:35:18","guid":{"rendered":"https:\/\/www.europesays.com\/pt\/99621\/"},"modified":"2025-10-06T13:35:18","modified_gmt":"2025-10-06T13:35:18","slug":"vem-ai-em-a-fazenda-passado-sombrio-volta-para-arruinar-lukenia-novelas","status":"publish","type":"post","link":"https:\/\/www.europesays.com\/pt\/99621\/","title":{"rendered":"Vem a\u00ed em \u00abA Fazenda\u00bb: Passado sombrio volta para arruinar Lukenia &#8211; Novelas"},"content":{"rendered":"<p>Em \u00abA Fazenda\u00bb, <a href=\"https:\/\/tvi.iol.pt\/novelas\/ator\/eva-borges-lacerda\/67348807d34e94b829075ef1\" target=\"_blank\" rel=\"nofollow noopener\"><strong data-end=\"548\" data-start=\"540\">Talu (Evandro Gomes)<\/strong><\/a>, <a href=\"https:\/\/tvi.iol.pt\/novelas\/videos\/a-fazenda-a-dificil-historia-de-vida-de-zuri\/6824bb120cf28cf88767feb9\" wbo-id=\"51\" rel=\"nofollow noopener\" target=\"_blank\">Zuri (Madalena Arag\u00e3o<\/a>), <a href=\"https:\/\/tvi.iol.pt\/novelas\/videos\/januario-e-detido-para-defender-talu\/674f12eb0cf2f130c2999b35\" rel=\"nofollow noopener\" target=\"_blank\">Janu\u00e1rio (Hoji Fortuna)<\/a>\u00a0e <a href=\"https:\/\/tvi.iol.pt\/novelas\/videos\/daniela-recusa-dar-aulas-a-lili-por-ciumes\/675300360cf2f130c2999df9\" rel=\"nofollow noopener\" target=\"_blank\">Daniela (Soraia Tavares)<\/a>\u00a0jantam com <a href=\"https:\/\/tvi.iol.pt\/novelas\/videos\/lukenia-e-rude-com-weza-acabaram-os-abusos-e-as-confiancas\/674477710cf2f130c299972e\" rel=\"nofollow noopener\" target=\"_blank\">Weza (Cl\u00e1udia Semedo)<\/a>\u00a0e <a href=\"https:\/\/tvi.iol.pt\/novelas\/videos\/foi-assim-que-lukenia-soube-que-samuel-e-filho-de-gaspar\/6772bbdc0cf28c51602e4db1\" rel=\"nofollow noopener\" target=\"_blank\">Lukenia (Rita Cruz)<\/a>, que lan\u00e7am olhares assassinos uma \u00e0 outra. Lukenia olha furiosa para Daniela a dizer-lhe ir precisar de levantar dinheiro das contas da fazenda para fazer a festa do alembamento com <a href=\"https:\/\/tvi.iol.pt\/novelas\/videos\/ary-exalta-se-mereces-que-a-lili-nao-queira-ficar-contigo\/677be9e00cf28c51602e50eb\" rel=\"nofollow noopener\" target=\"_blank\">Ary (Isaac Alfaiate<\/a>).<\/p>\n<p>Lukenia recebe uma mensagem e estaca gelada a ouvir a voz que Albano.<\/p>\n<p><a href=\"https:\/\/tvi.iol.pt\/novelas\/videos\/lukenia-se-ele-souber-nunca-mais-me-vai-querer-ver\/674711300cf23ab6553623d2\" rel=\"nofollow noopener\" target=\"_blank\">Ivandro (Vitor Hugo)<\/a>\u00a0confirma a <a href=\"https:\/\/tvi.iol.pt\/novelas\/videos\/para-ele-retirar-a-queixa-tu-prometeste-que-te-afastavas-de-mim\/67924a3a0cf216cd3ad316a6\" wbo-id=\"52\" rel=\"nofollow noopener\" target=\"_blank\">Gaspar (Nuno Lopes<\/a>) e Laura que Lukenia recebeu a mensagem de voz de Albano, aguardando expectante pela resposta dela.<\/p>\n<p>Lukenia est\u00e1 em p\u00e2nico com a mensagem que recebeu e disfar\u00e7a a Talu que est\u00e1 nervosa por ter de dividir os lucros da fazenda com Daniela.<\/p>\n<p>Recorde-se que Lukenia tem estado sempre metida em grandes esquemas:<\/p>\n","protected":false},"excerpt":{"rendered":"Em \u00abA Fazenda\u00bb, Talu (Evandro Gomes), Zuri (Madalena Arag\u00e3o), Janu\u00e1rio (Hoji Fortuna)\u00a0e Daniela (Soraia Tavares)\u00a0jantam com Weza (Cl\u00e1udia&hellip;\n","protected":false},"author":2,"featured_media":99622,"comment_status":"","ping_status":"","sticky":false,"template":"","format":"standard","meta":{"footnotes":""},"categories":[85],"tags":[657,59,160,166,2582,114,115,681,157,167,164,2379,680,161,158,165,159,32,33,156,2377,2583,683,163,162,682],"class_list":{"0":"post-99621","1":"post","2":"type-post","3":"status-publish","4":"format-standard","5":"has-post-thumbnail","7":"category-entretenimento","8":"tag-a-fazenda","9":"tag-acidente","10":"tag-ana-guiomar","11":"tag-cristina-ferreira","12":"tag-daniela","13":"tag-entertainment","14":"tag-entretenimento","15":"tag-evandro-gomes","16":"tag-festa-e-festa","17":"tag-ficcao","18":"tag-jose-fidalgo","19":"tag-lukenia","20":"tag-madalena-aragao","21":"tag-novelas","22":"tag-para-sempre","23":"tag-pedro-sousa","24":"tag-pedro-teixeira","25":"tag-portugal","26":"tag-pt","27":"tag-queridos-papas","28":"tag-rita-cruz","29":"tag-soraia-tavares","30":"tag-talu","31":"tag-tiago-teotonio-pereira","32":"tag-tvi","33":"tag-zuri"},"share_on_mastodon":{"url":"","error":""},"_links":{"self":[{"href":"https:\/\/www.europesays.com\/pt\/wp-json\/wp\/v2\/posts\/99621","targetHints":{"allow":["GET"]}}],"collection":[{"href":"https:\/\/www.europesays.com\/pt\/wp-json\/wp\/v2\/posts"}],"about":[{"href":"https:\/\/www.europesays.com\/pt\/wp-json\/wp\/v2\/types\/post"}],"author":[{"embeddable":true,"href":"https:\/\/www.europesays.com\/pt\/wp-json\/wp\/v2\/users\/2"}],"replies":[{"embeddable":true,"href":"https:\/\/www.europesays.com\/pt\/wp-json\/wp\/v2\/comments?post=99621"}],"version-history":[{"count":0,"href":"https:\/\/www.europesays.com\/pt\/wp-json\/wp\/v2\/posts\/99621\/revisions"}],"wp:featuredmedia":[{"embeddable":true,"href":"https:\/\/www.europesays.com\/pt\/wp-json\/wp\/v2\/media\/99622"}],"wp:attachment":[{"href":"https:\/\/www.europesays.com\/pt\/wp-json\/wp\/v2\/media?parent=99621"}],"wp:term":[{"taxonomy":"category","embeddable":true,"href":"https:\/\/www.europesays.com\/pt\/wp-json\/wp\/v2\/categories?post=99621"},{"taxonomy":"post_tag","embeddable":true,"href":"https:\/\/www.europesays.com\/pt\/wp-json\/wp\/v2\/tags?post=99621"}],"curies":[{"name":"wp","href":"https:\/\/api.w.org\/{rel}","templated":true}]}}