{"id":99625,"date":"2025-10-06T13:38:12","date_gmt":"2025-10-06T13:38:12","guid":{"rendered":"https:\/\/www.europesays.com\/pt\/99625\/"},"modified":"2025-10-06T13:38:12","modified_gmt":"2025-10-06T13:38:12","slug":"primeiro-ministro-frances-apresenta-demissao-observador","status":"publish","type":"post","link":"https:\/\/www.europesays.com\/pt\/99625\/","title":{"rendered":"Primeiro-ministro franc\u00eas apresenta demiss\u00e3o \u2013 Observador"},"content":{"rendered":"<p>O primeiro-ministro franc\u00eas, S\u00e9bastien Lecornu, apresentou esta segunda-feira a demiss\u00e3o a Emmanuel Macron, 27 dias ap\u00f3s a nomea\u00e7\u00e3o e na v\u00e9spera de apresentar a sua declara\u00e7\u00e3o de pol\u00edtica geral \u00e0 Assembleia Nacional francesa. O Presidente franc\u00eas aceitou o pedido, de acordo com o <a href=\"https:\/\/www.lemonde.fr\/politique\/live\/2025\/10\/06\/en-direct-gouvernement-lecornu-ps-et-rn-promettent-la-censure-lr-menace-de-quitter-le-gouvernement_6644534_823448.html\" rel=\"nofollow noopener\" target=\"_blank\">Le Monde<\/a>.<\/p>\n<p>\u201cN\u00e3o se pode ser primeiro-ministro quando as condi\u00e7\u00f5es n\u00e3o est\u00e3o reunidas\u201d, afirmou o primeiro-ministro demission\u00e1rio ap\u00f3s o an\u00fancio da sua sa\u00edda, sublinhando que \u201ctentou construir um caminho [\u2026] em quest\u00f5es que <strong>foram alvo de bloqueios<\/strong>\u201c, como o subs\u00eddio de desemprego e a seguran\u00e7a social.<\/p>\n<p>Para\u00a0Lecornu, existem tr\u00eas raz\u00f5es pelas quais j\u00e1 n\u00e3o podia estar no cargo de primeiro-ministro. Em primeiro lugar, menciona a dificuldade de os partidos pol\u00edticos reconhecerem a decis\u00e3o de \u201cn\u00e3o recorrer ao <strong>artigo 49.3 da Constitui\u00e7\u00e3o<\/strong>\u201d \u2014 que permite a aprova\u00e7\u00e3o de leis sem vota\u00e7\u00e3o parlamentar \u2014, acrescentando que \u201cj\u00e1 n\u00e3o havia pretexto para uma censura pr\u00e9via\u201d.<\/p>\n<p>Al\u00e9m disso, \u201cos partidos continuam a adotar uma postura como se todos tivessem <strong>maioria absoluta<\/strong> na Assembleia Nacional\u201d, lamentou o agora ex-chefe do executivo franc\u00eas, referindo-se \u00e0 dificuldade de existir\u00a0consenso dentro do parlamento.<\/p>\n<p>Em terceiro lugar,\u00a0Lecornu apontou para a forma\u00e7\u00e3o do novo governo dentro do \u201cbloco comum\u201d n\u00e3o ter decorrido de \u201cforma fluida\u201d, uma vez que o processo foi marcado pelo \u201cdespertar de alguns apetites partid\u00e1rios, por vezes\u00a0n\u00e3o alheios [\u2026] \u00e0s pr\u00f3ximas elei\u00e7\u00f5es presidenciais\u201d.<\/p>\n<p>A demiss\u00e3o do primeiro-ministro ocorreu apenas 13 horas depois de Emmanuel Macron ter anunciado, no domingo \u00e0 noite, a composi\u00e7\u00e3o do Governo em que Lecornu estava a trabalhar desde a sua nomea\u00e7\u00e3o (a 9 de setembro), ap\u00f3s a queda do seu antecessor, Fran\u00e7ois Bayrou.<\/p>\n<p>A presidente do grupo da Assembleia Nacional da Fran\u00e7a Insubmissa, Mathilde Panot, reagiu \u00e0 demiss\u00e3o do primeiro-ministro na <a href=\"https:\/\/twitter.com\/MathildePanot\/status\/1975106099381719375\" rel=\"nofollow noopener\" target=\"_blank\">rede social X<\/a>, acreditando que \u201ca contagem decrescente come\u00e7ou\u201d. A l\u00edder do grupo parlamentar LFI pediu, ainda, para que Macron \u201csaia\u201d.<\/p>\n<blockquote class=\"twitter-tweet\" data-width=\"500\" data-dnt=\"true\">\n<p lang=\"fr\" dir=\"ltr\">Lecornu d\u00e9missionne.<\/p>\n<p>3 Premiers ministres d\u00e9faits en moins d\u2019un an.<\/p>\n<p>Le compte \u00e0 rebours est  lanc\u00e9.<\/p>\n<p>Macron doit partir.<\/p>\n<p>\u2014 Mathilde Panot (@MathildePanot) <a href=\"https:\/\/twitter.com\/MathildePanot\/status\/1975106099381719375?ref_src=twsrc%5Etfw\" rel=\"nofollow noopener\" target=\"_blank\">October 6, 2025<\/a><\/p>\n<\/blockquote>\n<p>O l\u00edder da Fran\u00e7a Insubmissa, Jean-Luc Mel\u00e9nchon, prop\u00f4s \u201cuma reuni\u00e3o esta tarde com os partidos de esquerda para \u201cconsiderar todas as possibilidades abertas por esta situa\u00e7\u00e3o\u201d. \u201cEst\u00e1 a surgir uma situa\u00e7\u00e3o pol\u00edtica sem precedentes hist\u00f3ricos. <strong>Temos o dever de responder dando novamente voz ao povo<\/strong>\u201c, escreveu, visando uma nova dissolu\u00e7\u00e3o da Assembleia Nacional.<\/p>\n<blockquote class=\"twitter-tweet\" data-width=\"500\" data-dnt=\"true\">\n<p lang=\"fr\" dir=\"ltr\">Une situation politique sans pr\u00e9c\u00e9dent historique se pr\u00e9sente. <\/p>\n<p>Nous avons le devoir d&#8217;y r\u00e9pondre en redonnant la parole au peuple.<\/p>\n<p>Victorieux sur la base du programme de rupture du NFP il y a un an, nous avons vot\u00e9 ensemble la semaine derni\u00e8re pour nos candidats aux fonctions\u2026<\/p>\n<p>\u2014 Jean-Luc M\u00e9lenchon (@JLMelenchon) <a href=\"https:\/\/twitter.com\/JLMelenchon\/status\/1975130079907737900?ref_src=twsrc%5Etfw\" rel=\"nofollow noopener\" target=\"_blank\">October 6, 2025<\/a><\/p>\n<\/blockquote>\n<p>Tamb\u00e9m o presidente da Uni\u00e3o Nacional, Jordan Bardella, considerou que \u201co primeiro ministro ef\u00e9mero n\u00e3o tinha margem de manobra\u201d. \u201cFoi claramente Emmanuel Macron quem formou este Governo\u201d, disse o l\u00edder do\u00a0RN \u00e0 <a href=\"https:\/\/www.bfmtv.com\/politique\/gouvernement\/direct-le-nouveau-gouvernement-peine-nomme-deja-condamne-bruno-retailleau-convoque-une-reunion-d-urgence-des-lr-premier-conseil-des-ministres-a-16h_LN-202510060066.html#article_431578\" rel=\"nofollow noopener\" target=\"_blank\">BFMTV<\/a>, acrescentando que \u201cn\u00e3o pode haver estabilidade sem o regresso \u00e0s urnas e sem a dissolu\u00e7\u00e3o da Assembleia Nacional\u201d.<\/p>\n<p>Por seu turno, Marine Le Pen destacou \u201c<strong>a decis\u00e3o s\u00e1bia<\/strong>\u201d ap\u00f3s a demiss\u00e3o de S\u00e9bastien Lecornu. A l\u00edder dos deputados do RN questionou, tamb\u00e9m, a capacidade de Emmanuel Macron para \u201cresistir \u00e0 dissolu\u00e7\u00e3o\u201d. \u201c<strong>Pe\u00e7o-lhe que dissolva a Assembleia Nacional<\/strong>. A dissolu\u00e7\u00e3o \u00e9 absolutamente incontorn\u00e1vel. Cheg\u00e1mos ao fim da linha. N\u00e3o haver\u00e1 mais amanh\u00e3. Cheg\u00e1mos ao fim da piada. A farsa j\u00e1 durou demasiado tempo\u201d, sublinhou Le Pen.<\/p>\n<blockquote class=\"twitter-tweet\" data-width=\"500\" data-dnt=\"true\">\n<p lang=\"fr\" dir=\"ltr\">Il n&#8217;y a pas de solution, il n&#8217;y en aura pas demain : j&#8217;appelle  le pr\u00e9sident de la R\u00e9publique \u00e0 dissoudre l&#8217;Assembl\u00e9e nationale. <a href=\"https:\/\/t.co\/z9TfxNK8ke\" rel=\"nofollow\">pic.twitter.com\/z9TfxNK8ke<\/a><\/p>\n<p>\u2014 Marine Le Pen (@MLP_officiel) <a href=\"https:\/\/twitter.com\/MLP_officiel\/status\/1975123404635488648?ref_src=twsrc%5Etfw\" rel=\"nofollow noopener\" target=\"_blank\">October 6, 2025<\/a><\/p>\n<\/blockquote>\n<p>\u201cPerguntava-me se ainda havia um gaullista neste pa\u00eds. Havia um, e acaba de renunciar com <strong>dignidade e honra<\/strong>\u201c, escreveu Olivier Faure, primeiro-secret\u00e1rio do Partido Socialista franc\u00eas, no <a href=\"https:\/\/twitter.com\/faureolivier\/status\/1975124914840781096\" rel=\"nofollow noopener\" target=\"_blank\">X<\/a>.<\/p>\n<blockquote class=\"twitter-tweet\" data-width=\"500\" data-dnt=\"true\">\n<p lang=\"fr\" dir=\"ltr\">Je me demandais si il restait un gaulliste dans ce pays. Il en restait un, et il vient de d\u00e9missionner avec dignit\u00e9 et honneur.<\/p>\n<p>\u2014 Olivier Faure (@faureolivier) <a href=\"https:\/\/twitter.com\/faureolivier\/status\/1975124914840781096?ref_src=twsrc%5Etfw\" rel=\"nofollow noopener\" target=\"_blank\">October 6, 2025<\/a><\/p>\n<\/blockquote>\n<p>Por sua vez, o l\u00edder do grupo parlamentar do Modem, Marc Fesneau, afirma que tem \u201cvergonha da vida pol\u00edtica\u201d de Fran\u00e7a.\u00a0\u201cQuero, aqui, dizer as coisas como elas s\u00e3o. A irresponsabilidade individual, as ambi\u00e7\u00f5es presidenciais e os c\u00e1lculos mesquinhos est\u00e3o a mergulhar o pa\u00eds no caos. No final, as \u00fanicas v\u00edtimas ser\u00e3o os franceses. Tenho vergonha de ver tudo isto exposto aos olhos dos nossos concidad\u00e3os, que t\u00eam motivos leg\u00edtimos para estar zangados\u201d, escreveu no <a href=\"https:\/\/twitter.com\/MFesneau\/status\/1975169621784236359\" rel=\"nofollow noopener\" target=\"_blank\">X<\/a>, acrescentando: \u201cTenho vergonha das consequ\u00eancias que se seguir\u00e3o se n\u00e3o houver uma rea\u00e7\u00e3o, pois elas afetar\u00e3o primeiro os mais modestos e os mais fr\u00e1geis\u201d.<\/p>\n<blockquote class=\"twitter-tweet\" data-width=\"500\" data-dnt=\"true\">\n<p lang=\"fr\" dir=\"ltr\">J\u2019ai honte de notre vie politique. Je veux, ici, dire les choses telles qu&#8217;elles sont.<\/p>\n<p>L&#8217;irresponsabilit\u00e9 individuelle, les ambitions pr\u00e9sidentielles et les petits calculs mesquins sont en train de faire sombrer le pays dans le chaos. Au bout, les seules victimes seront les\u2026<\/p>\n<p>\u2014 Marc Fesneau (@MFesneau) <a href=\"https:\/\/twitter.com\/MFesneau\/status\/1975169621784236359?ref_src=twsrc%5Etfw\" rel=\"nofollow noopener\" target=\"_blank\">October 6, 2025<\/a><\/p>\n<\/blockquote>\n<p>\u201cN\u00f3s, no MoDem e no grupo parlamentar Les D\u00e9mocrates, n\u00e3o nos desviaremos das nossas responsabilidades. N\u00e3o desistiremos e lan\u00e7aremos todas as nossas for\u00e7as nesta batalha para encontrar um compromisso hist\u00f3rico para Fran\u00e7a\u201d, sublinhou, ainda, Marc Fesneau.<\/p>\n<p>A presidente da Assembleia Nacional, Ya\u00ebl Braun-Pivet, afirmou, tamb\u00e9m, que \u201c\u00e9 urgente definir um pacto de estabilidade e responsabilidade que corresponda \u00e0s expectativas\u201d dos cidad\u00e3os franceses. \u201cOs nossos concidad\u00e3os esperam que nos sentemos \u00e0 mesa\u201d, diz, apelando \u00e0 \u201cresponsabilidade\u201d de todos.<\/p>\n<blockquote class=\"twitter-tweet\" data-width=\"500\" data-dnt=\"true\">\n<p lang=\"fr\" dir=\"ltr\">La voie du dialogue est encore possible. Nos concitoyens attendent que nous nous mettions autour de la table. Il est urgent de d\u00e9finir un pacte de stabilit\u00e9 et de responsabilit\u00e9 pour r\u00e9pondre \u00e0 leurs attentes. Cela doit \u00eatre notre seul guide. C\u2019est notre responsabilt\u00e9 \u00e0 tous,\u2026<\/p>\n<p>\u2014 Ya\u00ebl Braun-Pivet (@YaelBRAUNPIVET) <a href=\"https:\/\/twitter.com\/YaelBRAUNPIVET\/status\/1975145883659374760?ref_src=twsrc%5Etfw\" rel=\"nofollow noopener\" target=\"_blank\">October 6, 2025<\/a><\/p>\n<\/blockquote>\n<p>            <script async src=\"https:\/\/platform.twitter.com\/widgets.js\" charset=\"utf-8\"><\/script><\/p>\n","protected":false},"excerpt":{"rendered":"O primeiro-ministro franc\u00eas, S\u00e9bastien Lecornu, apresentou esta segunda-feira a demiss\u00e3o a Emmanuel Macron, 27 dias ap\u00f3s a nomea\u00e7\u00e3o&hellip;\n","protected":false},"author":2,"featured_media":99626,"comment_status":"","ping_status":"","sticky":false,"template":"","format":"standard","meta":{"footnotes":""},"categories":[50],"tags":[27,28,445,15,16,2104,14,25,26,21,22,62,12,13,19,20,23,24,17,18,29,30,31,63,64,65],"class_list":{"0":"post-99625","1":"post","2":"type-post","3":"status-publish","4":"format-standard","5":"has-post-thumbnail","7":"category-mundo","8":"tag-breaking-news","9":"tag-breakingnews","10":"tag-europa","11":"tag-featured-news","12":"tag-featurednews","13":"tag-franu00e7a","14":"tag-headlines","15":"tag-latest-news","16":"tag-latestnews","17":"tag-main-news","18":"tag-mainnews","19":"tag-mundo","20":"tag-news","21":"tag-noticias","22":"tag-noticias-principais","23":"tag-noticiasprincipais","24":"tag-principais-noticias","25":"tag-principaisnoticias","26":"tag-top-stories","27":"tag-topstories","28":"tag-ultimas","29":"tag-ultimas-noticias","30":"tag-ultimasnoticias","31":"tag-world","32":"tag-world-news","33":"tag-worldnews"},"share_on_mastodon":{"url":"","error":""},"_links":{"self":[{"href":"https:\/\/www.europesays.com\/pt\/wp-json\/wp\/v2\/posts\/99625","targetHints":{"allow":["GET"]}}],"collection":[{"href":"https:\/\/www.europesays.com\/pt\/wp-json\/wp\/v2\/posts"}],"about":[{"href":"https:\/\/www.europesays.com\/pt\/wp-json\/wp\/v2\/types\/post"}],"author":[{"embeddable":true,"href":"https:\/\/www.europesays.com\/pt\/wp-json\/wp\/v2\/users\/2"}],"replies":[{"embeddable":true,"href":"https:\/\/www.europesays.com\/pt\/wp-json\/wp\/v2\/comments?post=99625"}],"version-history":[{"count":0,"href":"https:\/\/www.europesays.com\/pt\/wp-json\/wp\/v2\/posts\/99625\/revisions"}],"wp:featuredmedia":[{"embeddable":true,"href":"https:\/\/www.europesays.com\/pt\/wp-json\/wp\/v2\/media\/99626"}],"wp:attachment":[{"href":"https:\/\/www.europesays.com\/pt\/wp-json\/wp\/v2\/media?parent=99625"}],"wp:term":[{"taxonomy":"category","embeddable":true,"href":"https:\/\/www.europesays.com\/pt\/wp-json\/wp\/v2\/categories?post=99625"},{"taxonomy":"post_tag","embeddable":true,"href":"https:\/\/www.europesays.com\/pt\/wp-json\/wp\/v2\/tags?post=99625"}],"curies":[{"name":"wp","href":"https:\/\/api.w.org\/{rel}","templated":true}]}}