{"id":99655,"date":"2025-10-06T14:11:07","date_gmt":"2025-10-06T14:11:07","guid":{"rendered":"https:\/\/www.europesays.com\/pt\/99655\/"},"modified":"2025-10-06T14:11:07","modified_gmt":"2025-10-06T14:11:07","slug":"novo-livro-percorre-vida-e-legado-de-alexandre-quintanilha","status":"publish","type":"post","link":"https:\/\/www.europesays.com\/pt\/99655\/","title":{"rendered":"Novo livro percorre vida e legado de Alexandre Quintanilha"},"content":{"rendered":"<p>&#8220;Neste livro, Alexandre Quintanilha recorda a passagem pela \u00c1frica do Sul e pelos Estados Unidos, onde viveu o pulsar da investiga\u00e7\u00e3o cient\u00edfica, e o regresso a Portugal para criar ra\u00edzes no Porto, nomeadamente as ra\u00edzes do Instituto de Biologia Molecular e Celular e do i3S, que fundou na d\u00e9cada de 1990&#8221;, l\u00ea-se no comunicado da Contraponto, chancela da Bertrand.<\/p>\n<p>Segundo a nota de imprensa, &#8220;tudo isso se transformou em mat\u00e9ria-prima para um pensamento l\u00facido e humanista, que o levou a intervir politicamente sobre temas como a morte assistida, as altera\u00e7\u00f5es clim\u00e1ticas ou a toxicodepend\u00eancia&#8221;.<\/p>\n<p>Assim, &#8220;ao longo do livro, \u00e9 poss\u00edvel acompanhar reflex\u00f5es sobre os momentos marcantes de uma vida intensa, mas tamb\u00e9m sobre o papel da curiosidade, a rela\u00e7\u00e3o entre saber e liberdade, os desafios da democracia e o dever de resistir \u00e0 passividade&#8221;.<\/p>\n<p>&#8220;Nesta conversa guiada, o ex-deputado partilha mem\u00f3rias pessoais e profissionais que se cruzam com quest\u00f5es universais, nomeadamente a dignidade, o amor, a responsabilidade social e a urg\u00eancia de pensar. A rela\u00e7\u00e3o com Richard Zimler, seu companheiro h\u00e1 mais de quarenta anos e com quem casou no ano em que a lei do casamento homossexual foi aprovada em Portugal, tamb\u00e9m atravessa as p\u00e1ginas deste livro&#8221;, \u00e9 ainda frisado.<\/p>\n<p>O livro, que <a href=\"https:\/\/www.contrapontoeditores.pt\/produtos\/ficha\/a-ultima-licao-de-alexandre-quintanilha\/32320662\" target=\"_blank\" rel=\"noreferrer noopener nofollow\">chega \u00e0s livrarias a 9 de outubro<\/a>, foi escrito &#8220;por dois autores que conhecem de perto o universo acad\u00e9mico e medi\u00e1tico, Francisco Sena Santos e Clara Almeida Santos&#8221;, pelo que &#8220;esta \u00faltima li\u00e7\u00e3o \u00e9 um eternizar do pensamento cr\u00edtico, da curiosidade, da cultura, e uma transmiss\u00e3o importante daquilo que Alexandre Quintanilha aprendeu e ensinou&#8221;.<\/p>\n","protected":false},"excerpt":{"rendered":"&#8220;Neste livro, Alexandre Quintanilha recorda a passagem pela \u00c1frica do Sul e pelos Estados Unidos, onde viveu o&hellip;\n","protected":false},"author":2,"featured_media":99656,"comment_status":"","ping_status":"","sticky":false,"template":"","format":"standard","meta":{"footnotes":""},"categories":[143],"tags":[169,114,115,170,32,33],"class_list":{"0":"post-99655","1":"post","2":"type-post","3":"status-publish","4":"format-standard","5":"has-post-thumbnail","7":"category-livros","8":"tag-books","9":"tag-entertainment","10":"tag-entretenimento","11":"tag-livros","12":"tag-portugal","13":"tag-pt"},"share_on_mastodon":{"url":"","error":""},"_links":{"self":[{"href":"https:\/\/www.europesays.com\/pt\/wp-json\/wp\/v2\/posts\/99655","targetHints":{"allow":["GET"]}}],"collection":[{"href":"https:\/\/www.europesays.com\/pt\/wp-json\/wp\/v2\/posts"}],"about":[{"href":"https:\/\/www.europesays.com\/pt\/wp-json\/wp\/v2\/types\/post"}],"author":[{"embeddable":true,"href":"https:\/\/www.europesays.com\/pt\/wp-json\/wp\/v2\/users\/2"}],"replies":[{"embeddable":true,"href":"https:\/\/www.europesays.com\/pt\/wp-json\/wp\/v2\/comments?post=99655"}],"version-history":[{"count":0,"href":"https:\/\/www.europesays.com\/pt\/wp-json\/wp\/v2\/posts\/99655\/revisions"}],"wp:featuredmedia":[{"embeddable":true,"href":"https:\/\/www.europesays.com\/pt\/wp-json\/wp\/v2\/media\/99656"}],"wp:attachment":[{"href":"https:\/\/www.europesays.com\/pt\/wp-json\/wp\/v2\/media?parent=99655"}],"wp:term":[{"taxonomy":"category","embeddable":true,"href":"https:\/\/www.europesays.com\/pt\/wp-json\/wp\/v2\/categories?post=99655"},{"taxonomy":"post_tag","embeddable":true,"href":"https:\/\/www.europesays.com\/pt\/wp-json\/wp\/v2\/tags?post=99655"}],"curies":[{"name":"wp","href":"https:\/\/api.w.org\/{rel}","templated":true}]}}