{"id":99785,"date":"2025-10-06T16:06:22","date_gmt":"2025-10-06T16:06:22","guid":{"rendered":"https:\/\/www.europesays.com\/pt\/99785\/"},"modified":"2025-10-06T16:06:22","modified_gmt":"2025-10-06T16:06:22","slug":"desordem-entre-feirantes-e-grupo-de-jovens-faz-varios-feridos-em-tavira","status":"publish","type":"post","link":"https:\/\/www.europesays.com\/pt\/99785\/","title":{"rendered":"Desordem entre feirantes e grupo de jovens faz v\u00e1rios feridos em Tavira"},"content":{"rendered":"<p>Segundo a for\u00e7a policial, a contenda, que ocorreu na noite de sexta-feira para s\u00e1bado e se expandiu para v\u00e1rios pontos do Parque de Feiras e Exposi\u00e7\u00f5es, estando envolvidas &#8220;cerca de 40 pessoas em agress\u00f5es m\u00fatuas&#8221;, come\u00e7ou ap\u00f3s o grupo de jovens ter provocado danos num equipamento de divers\u00e3o.<\/p>\n<p data-remotead-prev-elm=\"true\" data-remotead-elm-id=\"inread\">Da alterca\u00e7\u00e3o resultaram &#8220;alguns feridos&#8221;, com a PSP a n\u00e3o adiantar um n\u00famero concreto, e &#8220;alguns danos em mobili\u00e1rio e equipamento ainda n\u00e3o completamente quantificados&#8221;.<\/p>\n","protected":false},"excerpt":{"rendered":"Segundo a for\u00e7a policial, a contenda, que ocorreu na noite de sexta-feira para s\u00e1bado e se expandiu para&hellip;\n","protected":false},"author":2,"featured_media":99786,"comment_status":"","ping_status":"","sticky":false,"template":"","format":"standard","meta":{"footnotes":""},"categories":[10],"tags":[27,28,15,16,14,603,25,26,21,22,12,13,19,20,32,23,24,1306,33,17,18,29,30,31],"class_list":{"0":"post-99785","1":"post","2":"type-post","3":"status-publish","4":"format-standard","5":"has-post-thumbnail","7":"category-portugal","8":"tag-breaking-news","9":"tag-breakingnews","10":"tag-featured-news","11":"tag-featurednews","12":"tag-headlines","13":"tag-justica","14":"tag-latest-news","15":"tag-latestnews","16":"tag-main-news","17":"tag-mainnews","18":"tag-news","19":"tag-noticias","20":"tag-noticias-principais","21":"tag-noticiasprincipais","22":"tag-portugal","23":"tag-principais-noticias","24":"tag-principaisnoticias","25":"tag-psp","26":"tag-pt","27":"tag-top-stories","28":"tag-topstories","29":"tag-ultimas","30":"tag-ultimas-noticias","31":"tag-ultimasnoticias"},"share_on_mastodon":{"url":"","error":""},"_links":{"self":[{"href":"https:\/\/www.europesays.com\/pt\/wp-json\/wp\/v2\/posts\/99785","targetHints":{"allow":["GET"]}}],"collection":[{"href":"https:\/\/www.europesays.com\/pt\/wp-json\/wp\/v2\/posts"}],"about":[{"href":"https:\/\/www.europesays.com\/pt\/wp-json\/wp\/v2\/types\/post"}],"author":[{"embeddable":true,"href":"https:\/\/www.europesays.com\/pt\/wp-json\/wp\/v2\/users\/2"}],"replies":[{"embeddable":true,"href":"https:\/\/www.europesays.com\/pt\/wp-json\/wp\/v2\/comments?post=99785"}],"version-history":[{"count":0,"href":"https:\/\/www.europesays.com\/pt\/wp-json\/wp\/v2\/posts\/99785\/revisions"}],"wp:featuredmedia":[{"embeddable":true,"href":"https:\/\/www.europesays.com\/pt\/wp-json\/wp\/v2\/media\/99786"}],"wp:attachment":[{"href":"https:\/\/www.europesays.com\/pt\/wp-json\/wp\/v2\/media?parent=99785"}],"wp:term":[{"taxonomy":"category","embeddable":true,"href":"https:\/\/www.europesays.com\/pt\/wp-json\/wp\/v2\/categories?post=99785"},{"taxonomy":"post_tag","embeddable":true,"href":"https:\/\/www.europesays.com\/pt\/wp-json\/wp\/v2\/tags?post=99785"}],"curies":[{"name":"wp","href":"https:\/\/api.w.org\/{rel}","templated":true}]}}