{"id":99791,"date":"2025-10-06T16:16:14","date_gmt":"2025-10-06T16:16:14","guid":{"rendered":"https:\/\/www.europesays.com\/pt\/99791\/"},"modified":"2025-10-06T16:16:14","modified_gmt":"2025-10-06T16:16:14","slug":"fim-de-noivado-insultos-e-provocacoes-a-cadeira-quente-que-deixou-a-casa-virada-do-avesso-secret-story","status":"publish","type":"post","link":"https:\/\/www.europesays.com\/pt\/99791\/","title":{"rendered":"Fim de noivado, insultos e provoca\u00e7\u00f5es: a cadeira quente que deixou a casa virada do avesso &#8211; Secret Story"},"content":{"rendered":"<p data-end=\"717\" data-start=\"476\">A mais recente <strong data-end=\"527\" data-start=\"491\">cadeira quente do Secret Story 9<\/strong> foi tudo menos pac\u00edfica. Entre confrontos, insultos, revela\u00e7\u00f5es e acusa\u00e7\u00f5es, os concorrentes voltaram a provar que o jogo est\u00e1 cada vez mais intenso e que as emo\u00e7\u00f5es est\u00e3o \u00e0 flor da pele.<\/p>\n<p data-end=\"906\" data-start=\"708\">Um dos momentos mais acesos aconteceu quando <strong data-end=\"769\" data-start=\"750\">Dylan e Leandro<\/strong> entraram em despique. O concorrente <a href=\"https:\/\/tvi.iol.pt\/secretstory\/videos\/cadeira-quente-em-chamas-dylan-e-leandro-entram-em-despique-e-o-lider-do-quarteto\/68e38c770cf29d28d828c9cb\" rel=\"nofollow noopener\" target=\"_blank\">acusou Leandro de ser \u00abo l\u00edder do quarteto\u00bb<\/a>, e a troca de farpas rapidamente incendiou o ambiente.<\/p>\n<p data-end=\"1159\" data-start=\"908\"><strong data-end=\"924\" data-start=\"908\">Ana Cristina<\/strong> esteve novamente no centro das aten\u00e7\u00f5es. A concorrente discutiu com <strong data-end=\"1004\" data-start=\"993\">Liliana<\/strong>, <a href=\"https:\/\/tvi.iol.pt\/secretstory\/videos\/discussao-ao-rubro-ana-cristina-critica-liliana-e-tensao-explode\/68e38f0f0cf285ab53a60655\" rel=\"nofollow noopener\" target=\"_blank\">acusando-a de se preocupar apenas com a imagem<\/a>, o que deixou a nortenha bastante ofendida.\u00a0<\/p>\n<p data-end=\"1159\" data-start=\"908\"><strong>Ana<\/strong> tamb\u00e9m se virou-se contra <strong data-end=\"1092\" data-start=\"1083\">Dylan<\/strong>, e a concorrente n\u00e3o tem duvidas que o colega<a href=\"https:\/\/tvi.iol.pt\/secretstory\/videos\/ana-arrasa-dylan-faz-tudo-para-ser-falado\/68e38e8d0cf29d28d828c9cf\" rel=\"nofollow noopener\" target=\"_blank\"> \u00abfaz quest\u00e3o de aparecer nas VTs e ser falado\u00bb.<\/a><\/p>\n<p data-end=\"1474\" data-start=\"1161\"><strong data-end=\"1178\" data-start=\"1161\">L\u00eddia e Pedro<\/strong> tamb\u00e9m se desentenderam,<a href=\"https:\/\/tvi.iol.pt\/secretstory\/videos\/cadeira-quente-em-tensao-lidia-e-pedro-em-confronto-apos-desentendimentos-na-casa\/68e391e30cf29d28d828c9d6\" rel=\"nofollow noopener\" target=\"_blank\"> ao recordar epis\u00f3dios que t\u00eam marcado a rela\u00e7\u00e3o entre ambos dentro da casa.<\/a><\/p>\n<p data-end=\"1474\" data-start=\"1161\">No auge da tens\u00e3o,<a href=\"https:\/\/tvi.iol.pt\/secretstory\/videos\/liliana-reage-a-insulto-de-colegas-e-ana-cristina-nao-fica-calada\/68e392df0cf29d28d828c9d7\" rel=\"nofollow noopener\" target=\"_blank\"> <strong data-end=\"1334\" data-start=\"1301\">Liliana confrontou os colegas<\/strong><\/a> por lhe terem chamado \u201cmeretriz\u201d. A concorrente exigiu respeito, e <a href=\"https:\/\/tvi.iol.pt\/secretstory\/videos\/liliana-confronta-colegas-apos-insulto-e-fabio-sai-em-sua-defesa\/68e394390cf29d28d828c9d8\" rel=\"nofollow noopener\" target=\"_blank\"><strong data-end=\"1430\" data-start=\"1402\">F\u00e1bio saiu em sua defesa<\/strong><\/a>, num dos momentos mais intensos da noite.<\/p>\n<p data-end=\"1763\" data-start=\"1476\">A cadeira quente ainda deixou espa\u00e7o para elogios e cr\u00edticas. <a href=\"https:\/\/tvi.iol.pt\/secretstory\/videos\/opinioes-divididas-rui-elogia-pedro-mas-liliana-critica-reacoes-exageradas\/68e395190cf285ab53a60662\" rel=\"nofollow noopener\" target=\"_blank\"><strong data-end=\"1559\" data-start=\"1538\">Rui elogiou Pedro<\/strong>, mas <strong data-end=\"1586\" data-start=\"1565\">Liliana discordou<\/strong><\/a>, dizendo que o colega tem \u00abrea\u00e7\u00f5es exageradas\u00bb. <strong data-end=\"1644\" data-start=\"1635\">L\u00eddia<\/strong> n\u00e3o escondeu o desagrado perante os elogios ao colega e <a href=\"https:\/\/tvi.iol.pt\/secretstory\/videos\/elogios-tecidos-a-pedro-jorge-obrigam-lidia-a-intervir\/68e3994d0cf29d28d828c9e7\" rel=\"nofollow noopener\" target=\"_blank\">mostrou que a rivalidade entre ambos est\u00e1 longe de terminar.<\/a><\/p>\n<p data-end=\"1976\" data-start=\"1765\">Entre desabafos, acusa\u00e7\u00f5es e reviravoltas, a <strong data-end=\"1846\" data-start=\"1810\">cadeira quente do Secret Story 9<\/strong> confirmou o que j\u00e1 se suspeitava: a casa est\u00e1 dividida, as alian\u00e7as est\u00e3o a mudar e o ambiente est\u00e1 cada vez mais imprevis\u00edvel.<\/p>\n","protected":false},"excerpt":{"rendered":"A mais recente cadeira quente do Secret Story 9 foi tudo menos pac\u00edfica. Entre confrontos, insultos, revela\u00e7\u00f5es e&hellip;\n","protected":false},"author":2,"featured_media":99792,"comment_status":"","ping_status":"","sticky":false,"template":"","format":"standard","meta":{"footnotes":""},"categories":[85],"tags":[8113,2632,329,333,328,335,336,114,115,334,19082,330,19016,1326,338,19019,13,32,33,1315,8174,162,19020,227],"class_list":{"0":"post-99791","1":"post","2":"type-post","3":"status-publish","4":"format-standard","5":"has-post-thumbnail","7":"category-entretenimento","8":"tag-alice-alves","9":"tag-casa-dos-segredos","10":"tag-claudio-ramos","11":"tag-comentadores","12":"tag-concorrentes","13":"tag-confrontos","14":"tag-discussoes","15":"tag-entertainment","16":"tag-entretenimento","17":"tag-exclusivos","18":"tag-fabio","19":"tag-gala","20":"tag-liliana","21":"tag-mafalda-castro","22":"tag-maria-botelho-moniz","23":"tag-marta-cardoso","24":"tag-noticias","25":"tag-portugal","26":"tag-pt","27":"tag-secret-story","28":"tag-segredos","29":"tag-tvi","30":"tag-video-do-dia","31":"tag-videos"},"share_on_mastodon":{"url":"","error":""},"_links":{"self":[{"href":"https:\/\/www.europesays.com\/pt\/wp-json\/wp\/v2\/posts\/99791","targetHints":{"allow":["GET"]}}],"collection":[{"href":"https:\/\/www.europesays.com\/pt\/wp-json\/wp\/v2\/posts"}],"about":[{"href":"https:\/\/www.europesays.com\/pt\/wp-json\/wp\/v2\/types\/post"}],"author":[{"embeddable":true,"href":"https:\/\/www.europesays.com\/pt\/wp-json\/wp\/v2\/users\/2"}],"replies":[{"embeddable":true,"href":"https:\/\/www.europesays.com\/pt\/wp-json\/wp\/v2\/comments?post=99791"}],"version-history":[{"count":0,"href":"https:\/\/www.europesays.com\/pt\/wp-json\/wp\/v2\/posts\/99791\/revisions"}],"wp:featuredmedia":[{"embeddable":true,"href":"https:\/\/www.europesays.com\/pt\/wp-json\/wp\/v2\/media\/99792"}],"wp:attachment":[{"href":"https:\/\/www.europesays.com\/pt\/wp-json\/wp\/v2\/media?parent=99791"}],"wp:term":[{"taxonomy":"category","embeddable":true,"href":"https:\/\/www.europesays.com\/pt\/wp-json\/wp\/v2\/categories?post=99791"},{"taxonomy":"post_tag","embeddable":true,"href":"https:\/\/www.europesays.com\/pt\/wp-json\/wp\/v2\/tags?post=99791"}],"curies":[{"name":"wp","href":"https:\/\/api.w.org\/{rel}","templated":true}]}}