{"id":99805,"date":"2025-10-06T16:29:07","date_gmt":"2025-10-06T16:29:07","guid":{"rendered":"https:\/\/www.europesays.com\/pt\/99805\/"},"modified":"2025-10-06T16:29:07","modified_gmt":"2025-10-06T16:29:07","slug":"video-rui-patricio-mantem-a-forma-num-ginasio-bem-perto-de-alvalade","status":"publish","type":"post","link":"https:\/\/www.europesays.com\/pt\/99805\/","title":{"rendered":"V\u00cdDEO: Rui Patr\u00edcio mant\u00e9m a forma num gin\u00e1sio bem perto de Alvalade"},"content":{"rendered":"<p style=\"margin-bottom:11px\">Rui Patr\u00edcio est\u00e1 sem clube desde o ver\u00e3o passado, mas continua a manter a forma, a treinar muay thai num gin\u00e1sio no Lumiar, bem perto do Est\u00e1dio de Alvalade.<\/p>\n<p>O antigo internacional portugu\u00eas jogou pela \u00faltima vez no Mundial de Clubes, onde realizou apenas dois jogos ao servi\u00e7o do Al Ain, dos Emirados \u00c1rabes Unidos, na derrota diante da Juventus (0-5) e no triunfo sobre os marroquinos do WAC Casablanca (2-1), depois de ter cumprido a \u00faltima temporada na S\u00e9rie A, ao servi\u00e7o da Atalanta.<\/p>\n<p>Formado no Sporting, o experiente guarda-redes de 37 anos representou os le\u00f5es at\u00e9 ao ataque a Alcochete, em 2018. Depois disso jogou sucessivamente no Wolverhampton, Roma e Atalanta, antes da fugaz presen\u00e7a no Mundial de Clubes.<\/p>\n","protected":false},"excerpt":{"rendered":"Rui Patr\u00edcio est\u00e1 sem clube desde o ver\u00e3o passado, mas continua a manter a forma, a treinar muay&hellip;\n","protected":false},"author":2,"featured_media":99806,"comment_status":"","ping_status":"","sticky":false,"template":"","format":"standard","meta":{"footnotes":""},"categories":[87],"tags":[1845,7984,24406,135,24407,436,46,32,33,47,16463,34,134],"class_list":{"0":"post-99805","1":"post","2":"type-post","3":"status-publish","4":"format-standard","5":"has-post-thumbnail","7":"category-desporto","8":"tag-al-ain","9":"tag-atalanta","10":"tag-desempregado","11":"tag-desporto","12":"tag-kickboxing","13":"tag-made-in","14":"tag-maisfutebol","15":"tag-portugal","16":"tag-pt","17":"tag-pura-paixao","18":"tag-rui-patricio","19":"tag-sporting","20":"tag-sports"},"share_on_mastodon":{"url":"","error":""},"_links":{"self":[{"href":"https:\/\/www.europesays.com\/pt\/wp-json\/wp\/v2\/posts\/99805","targetHints":{"allow":["GET"]}}],"collection":[{"href":"https:\/\/www.europesays.com\/pt\/wp-json\/wp\/v2\/posts"}],"about":[{"href":"https:\/\/www.europesays.com\/pt\/wp-json\/wp\/v2\/types\/post"}],"author":[{"embeddable":true,"href":"https:\/\/www.europesays.com\/pt\/wp-json\/wp\/v2\/users\/2"}],"replies":[{"embeddable":true,"href":"https:\/\/www.europesays.com\/pt\/wp-json\/wp\/v2\/comments?post=99805"}],"version-history":[{"count":0,"href":"https:\/\/www.europesays.com\/pt\/wp-json\/wp\/v2\/posts\/99805\/revisions"}],"wp:featuredmedia":[{"embeddable":true,"href":"https:\/\/www.europesays.com\/pt\/wp-json\/wp\/v2\/media\/99806"}],"wp:attachment":[{"href":"https:\/\/www.europesays.com\/pt\/wp-json\/wp\/v2\/media?parent=99805"}],"wp:term":[{"taxonomy":"category","embeddable":true,"href":"https:\/\/www.europesays.com\/pt\/wp-json\/wp\/v2\/categories?post=99805"},{"taxonomy":"post_tag","embeddable":true,"href":"https:\/\/www.europesays.com\/pt\/wp-json\/wp\/v2\/tags?post=99805"}],"curies":[{"name":"wp","href":"https:\/\/api.w.org\/{rel}","templated":true}]}}