{"id":99821,"date":"2025-10-06T16:39:15","date_gmt":"2025-10-06T16:39:15","guid":{"rendered":"https:\/\/www.europesays.com\/pt\/99821\/"},"modified":"2025-10-06T16:39:15","modified_gmt":"2025-10-06T16:39:15","slug":"ministerio-da-cultura-abre-candidaturas-a-bolsas-de-criacao-literaria","status":"publish","type":"post","link":"https:\/\/www.europesays.com\/pt\/99821\/","title":{"rendered":"Minist\u00e9rio da Cultura abre candidaturas a bolsas de cria\u00e7\u00e3o liter\u00e1ria"},"content":{"rendered":"<p>O <strong>Minist\u00e9rio da Cultura, Juventude e Desporto<\/strong> publicou esta segunda-feira, em Di\u00e1rio da Rep\u00fablica, a abertura do <strong>programa das Bolsas de Cria\u00e7\u00e3o Liter\u00e1ria para atribuir um total de 630 mil euros a 42 bolseiros.<\/strong>\n<\/p>\n<p>Com data de 29 de setembro &#8211; um dia antes do fim do prazo previsto para a abertura dos concursos &#8211; foram esta segunda-feira publicados os despachos das <strong>bolsas de cria\u00e7\u00e3o liter\u00e1ria, em geral, e as de Banda Desenhada e Literatura Infantil e Juvenil.<\/strong>\n<\/p>\n<p><strong><a href=\"https:\/\/eur01.safelinks.protection.outlook.com\/?url=https%3A%2F%2Fwww.whatsapp.com%2Fchannel%2F0029Va9ZehDFi8xUl5Fhb93q&amp;data=05%7C02%7Cdiogo.camilo%40rr.pt%7Ca80c159c9b6146ac61ad08dd45376d54%7Cf5bd5f2d48cb4c5ca5990d38b3c419da%7C0%7C0%7C638742826535514861%7CUnknown%7CTWFpbGZsb3d8eyJFbXB0eU1hcGkiOnRydWUsIlYiOiIwLjAuMDAwMCIsIlAiOiJXaW4zMiIsIkFOIjoiTWFpbCIsIldUIjoyfQ%3D%3D%7C0%7C%7C%7C&amp;sdata=Def7HGQLPvLOGO6BMiUixKMU6dcYzHfVFlmxawk%2FDAQ%3D&amp;reserved=0\" rel=\"nofollow noopener\" target=\"_blank\">J\u00e1 segue a Informa\u00e7\u00e3o da Renascen\u00e7a no WhatsApp? \u00c9 s\u00f3 clicar aqui<\/a><br \/><\/strong>\n<\/p>\n<p>Para as <strong>bolsas de cria\u00e7\u00e3o liter\u00e1ria<\/strong>, h\u00e1 um montante dispon\u00edvel de <strong>360 mil euros<\/strong> e v\u00e3o ser atribu\u00eddas <strong>24 bolsas anuais<\/strong> de 15 mil euros cada para os concorrentes vencedores de projetos de poesia, fic\u00e7\u00e3o narrativa, dramaturgia e escrita teatral e ensaio. Esta categoria tem um j\u00fari composto por Paula Magalh\u00e3es, Jo\u00e3o Dion\u00edsio, Afonso Cruz, Isabel Lucas, Golgona Anghel e Jos\u00e9 Bragan\u00e7a de Miranda.\n<\/p>\n<p>J\u00e1 para <strong>Banda Desenhada e Literatura Infantil e Juvenil <\/strong>v\u00e3o ser atribu\u00eddas <strong>18 bolsas anuais<\/strong>, tendo um valor total dispon\u00edvel de<strong> 270 mil euros<\/strong>. O j\u00fari desta vertente \u00e9 composto por Jo\u00e3o Ramalho-Santos e Dora Batalim.\n<\/p>\n<p>De acordo com uma publica\u00e7\u00e3o no &#8220;site&#8221; da Dire\u00e7\u00e3o-Geral do Livro, dos Arquivos e das Bibliotecas (DGLAB), respons\u00e1vel pela gest\u00e3o do programa, <strong>as candidaturas podem ser submetidas a partir desta ter\u00e7a-feira at\u00e9 5 de novembro<\/strong>, atrav\u00e9s de uma plataforma &#8220;online&#8221;.\n<\/p>\n<p>O novo modelo das bolsas de cria\u00e7\u00e3o liter\u00e1ria \u2013 que n\u00e3o abriram no ano passado \u2013 foi anunciado pela anterior detentora da tutela da Cultura, Dalila Rodrigues, no come\u00e7o deste ano.\n<\/p>\n<p>Na altura, o Minist\u00e9rio da Cultura anunciou que iria abrir uma nova edi\u00e7\u00e3o do programa de bolsas de cria\u00e7\u00e3o liter\u00e1ria, que atribuiria 24 bolsas anuais no valor de 15 mil euros cada, passando a contemplar ensaio. Dias depois, e ap\u00f3s uma carta que contestava a aus\u00eancia da Banda Desenhada e da Literatura Infanto-juvenil, foi anunciada uma linha pr\u00f3pria para essas duas \u00e1reas.\n<\/p>\n<p>O programa de bolsas de cria\u00e7\u00e3o liter\u00e1ria foi retomado em 2017, quando o Minist\u00e9rio da Cultura era dirigido por Lu\u00eds Filipe Castro Mendes, depois de 15 anos de interrup\u00e7\u00e3o.\n<\/p>\n<p>Em 2024, o programa geral n\u00e3o abriu, tendo apenas estado dispon\u00edvel o concurso de bolsas de cria\u00e7\u00e3o liter\u00e1ria no \u00e2mbito das Comemora\u00e7\u00f5es dos 50 anos do 25 de Abril, que atribuiu oito bolsas semestrais, num total de 60 mil euros.\n<\/p>\n<p>Entre 2017 e 2023, foram apoiados nomes de autores que v\u00e3o de Nuno Saraiva, Francisco de Sousa Lobo, Djaimilia Pereira de Almeida, Ana Teresa Pereira, Judite Canha Fernandes, Afonso Reis Cabral, Val\u00e9rio Rom\u00e3o, Matilde Campilho e Andreia Faria a Tiago Schw\u00e4bl, Mariana Correia Pinto e Hugo Gon\u00e7alves, entre muitos outros.\n<\/p>\n<p>Segundo a contabiliza\u00e7\u00e3o do minist\u00e9rio, &#8220;desde 1997, no \u00e2mbito de programas de atribui\u00e7\u00e3o de bolsas para a cria\u00e7\u00e3o liter\u00e1ria, foram atribu\u00eddas 26 bolsas para a Banda Desenhada, 15 para a Inf\u00e2ncia e Juventude, 90 para a Fic\u00e7\u00e3o Narrativa, 40 para a Poesia e 20 para a Dramaturgia&#8221;.<\/p>\n","protected":false},"excerpt":{"rendered":"O Minist\u00e9rio da Cultura, Juventude e Desporto publicou esta segunda-feira, em Di\u00e1rio da Rep\u00fablica, a abertura do programa&hellip;\n","protected":false},"author":2,"featured_media":65691,"comment_status":"","ping_status":"","sticky":false,"template":"","format":"standard","meta":{"footnotes":""},"categories":[143],"tags":[169,114,115,170,32,33],"class_list":{"0":"post-99821","1":"post","2":"type-post","3":"status-publish","4":"format-standard","5":"has-post-thumbnail","7":"category-livros","8":"tag-books","9":"tag-entertainment","10":"tag-entretenimento","11":"tag-livros","12":"tag-portugal","13":"tag-pt"},"share_on_mastodon":{"url":"","error":""},"_links":{"self":[{"href":"https:\/\/www.europesays.com\/pt\/wp-json\/wp\/v2\/posts\/99821","targetHints":{"allow":["GET"]}}],"collection":[{"href":"https:\/\/www.europesays.com\/pt\/wp-json\/wp\/v2\/posts"}],"about":[{"href":"https:\/\/www.europesays.com\/pt\/wp-json\/wp\/v2\/types\/post"}],"author":[{"embeddable":true,"href":"https:\/\/www.europesays.com\/pt\/wp-json\/wp\/v2\/users\/2"}],"replies":[{"embeddable":true,"href":"https:\/\/www.europesays.com\/pt\/wp-json\/wp\/v2\/comments?post=99821"}],"version-history":[{"count":0,"href":"https:\/\/www.europesays.com\/pt\/wp-json\/wp\/v2\/posts\/99821\/revisions"}],"wp:featuredmedia":[{"embeddable":true,"href":"https:\/\/www.europesays.com\/pt\/wp-json\/wp\/v2\/media\/65691"}],"wp:attachment":[{"href":"https:\/\/www.europesays.com\/pt\/wp-json\/wp\/v2\/media?parent=99821"}],"wp:term":[{"taxonomy":"category","embeddable":true,"href":"https:\/\/www.europesays.com\/pt\/wp-json\/wp\/v2\/categories?post=99821"},{"taxonomy":"post_tag","embeddable":true,"href":"https:\/\/www.europesays.com\/pt\/wp-json\/wp\/v2\/tags?post=99821"}],"curies":[{"name":"wp","href":"https:\/\/api.w.org\/{rel}","templated":true}]}}