{"id":99851,"date":"2025-10-06T17:04:14","date_gmt":"2025-10-06T17:04:14","guid":{"rendered":"https:\/\/www.europesays.com\/pt\/99851\/"},"modified":"2025-10-06T17:04:14","modified_gmt":"2025-10-06T17:04:14","slug":"datas-de-pagamento-das-prestacoes-sociais-e-pensoes-em-outubro","status":"publish","type":"post","link":"https:\/\/www.europesays.com\/pt\/99851\/","title":{"rendered":"datas de pagamento das presta\u00e7\u00f5es sociais e pens\u00f5es em outubro"},"content":{"rendered":"<p>A Seguran\u00e7a Social publica mensalmente o calend\u00e1rio de pagamentos das suas presta\u00e7\u00f5es, que inclui pens\u00f5es, subs\u00eddios e apoios sociais. Conhe\u00e7a as datas para este m\u00eas de outubro.<\/p>\n<p><a target=\"_blank\" href=\"https:\/\/pplware.sapo.pt\/wp-content\/uploads\/2025\/07\/seguranca_social.jpg\" onclick=\"refreshIframe()\" class=\"foobox\" rel=\"nofollow noopener\"><img fetchpriority=\"high\" decoding=\"async\" src=\"https:\/\/www.europesays.com\/pt\/wp-content\/uploads\/2025\/10\/seguranca_social-720x405.jpg\" alt=\"Seguran\u00e7a Social: datas de pagamento das presta\u00e7\u00f5es sociais e pens\u00f5es\" width=\"720\" height=\"405\" class=\"aligncenter wp-image-1070239 size-medium\"  \/><\/a><\/p>\n<p>Todos os meses, milhares de portugueses aguardam as datas de pagamento da Seguran\u00e7a Social, fundamentais para a gest\u00e3o do or\u00e7amento familiar.<\/p>\n<p>Pens\u00f5es, subs\u00eddios e outros apoios sociais seguem um calend\u00e1rio regular definido pela institui\u00e7\u00e3o, que \u00e9 atualizado no in\u00edcio de cada m\u00eas.<\/p>\n<p>Saber quando cada presta\u00e7\u00e3o \u00e9 depositada, seja uma pens\u00e3o de reforma, um subs\u00eddio de desemprego ou o rendimento social de inser\u00e7\u00e3o, permite aos benefici\u00e1rios planear despesas, compromissos e prioridades financeiras com maior seguran\u00e7a e tranquilidade.<\/p>\n<p><a target=\"_blank\" href=\"https:\/\/www.europesays.com\/pt\/wp-content\/uploads\/2025\/10\/seguranca_social_00-1-720x405-1.jpg\" onclick=\"refreshIframe()\" class=\"foobox\"><img loading=\"lazy\" decoding=\"async\" src=\"https:\/\/www.europesays.com\/pt\/wp-content\/uploads\/2025\/10\/seguranca_social_00-1-720x405-1.jpg\" alt=\"\" width=\"720\" height=\"405\" class=\"aligncenter size-full wp-image-1072284\"  \/><\/a><\/p>\n<p>Seguran\u00e7a Social: m\u00eas de outubro de 2025<\/p>\n<ul>\n<li>07 outubro: Apoio Extraordin\u00e1rio \u00e0s Fam\u00edlias para Pagamento da Renda<\/li>\n<li>08 outubro: Pens\u00f5es<\/li>\n<li>08 outubro: Complemento Solid\u00e1rio para Idosos<\/li>\n<li>08 outubro: Reembolso de Despesas de Funeral<\/li>\n<li>08 outubro: Presta\u00e7\u00e3o Social para a Inclus\u00e3o<\/li>\n<li>16 outubro: 1\u00ba Pagamento Desemprego\/Doen\u00e7a\/Parentalidade\/A\u00e7\u00e3o Social<\/li>\n<li>16 outubro: Presta\u00e7\u00f5es Familiares<\/li>\n<li>23 outubro: Rendimento Social de Inser\u00e7\u00e3o<\/li>\n<li>28 outubro: 2\u00ba Pagamento Desemprego\/Doen\u00e7a\/Parentalidade\/A\u00e7\u00e3o Social<\/li>\n<li>28 outubro: Subs\u00eddio de Apoio ao Cuidador Informal<\/li>\n<\/ul>\n<p>Em suma, o calend\u00e1rio de pagamentos da Seguran\u00e7a Social desempenha um papel crucial na estabilidade financeira de milh\u00f5es de portugueses.<\/p>\n<p>A previsibilidade das datas, especialmente no que respeita a pens\u00f5es e subs\u00eddios, permite um planeamento mais eficaz das despesas do dia a dia e ajuda a prevenir situa\u00e7\u00f5es de dificuldade econ\u00f3mica.<\/p>\n","protected":false},"excerpt":{"rendered":"A Seguran\u00e7a Social publica mensalmente o calend\u00e1rio de pagamentos das suas presta\u00e7\u00f5es, que inclui pens\u00f5es, subs\u00eddios e apoios&hellip;\n","protected":false},"author":2,"featured_media":99852,"comment_status":"","ping_status":"","sticky":false,"template":"","format":"standard","meta":{"footnotes":""},"categories":[8],"tags":[27,28,9914,15,16,14,25,26,21,22,12,13,19,20,32,23,24,33,915,17,18,29,30,31],"class_list":{"0":"post-99851","1":"post","2":"type-post","3":"status-publish","4":"format-standard","5":"has-post-thumbnail","7":"category-principais-noticias","8":"tag-breaking-news","9":"tag-breakingnews","10":"tag-calendario","11":"tag-featured-news","12":"tag-featurednews","13":"tag-headlines","14":"tag-latest-news","15":"tag-latestnews","16":"tag-main-news","17":"tag-mainnews","18":"tag-news","19":"tag-noticias","20":"tag-noticias-principais","21":"tag-noticiasprincipais","22":"tag-portugal","23":"tag-principais-noticias","24":"tag-principaisnoticias","25":"tag-pt","26":"tag-seguranca-social","27":"tag-top-stories","28":"tag-topstories","29":"tag-ultimas","30":"tag-ultimas-noticias","31":"tag-ultimasnoticias"},"share_on_mastodon":{"url":"","error":""},"_links":{"self":[{"href":"https:\/\/www.europesays.com\/pt\/wp-json\/wp\/v2\/posts\/99851","targetHints":{"allow":["GET"]}}],"collection":[{"href":"https:\/\/www.europesays.com\/pt\/wp-json\/wp\/v2\/posts"}],"about":[{"href":"https:\/\/www.europesays.com\/pt\/wp-json\/wp\/v2\/types\/post"}],"author":[{"embeddable":true,"href":"https:\/\/www.europesays.com\/pt\/wp-json\/wp\/v2\/users\/2"}],"replies":[{"embeddable":true,"href":"https:\/\/www.europesays.com\/pt\/wp-json\/wp\/v2\/comments?post=99851"}],"version-history":[{"count":0,"href":"https:\/\/www.europesays.com\/pt\/wp-json\/wp\/v2\/posts\/99851\/revisions"}],"wp:featuredmedia":[{"embeddable":true,"href":"https:\/\/www.europesays.com\/pt\/wp-json\/wp\/v2\/media\/99852"}],"wp:attachment":[{"href":"https:\/\/www.europesays.com\/pt\/wp-json\/wp\/v2\/media?parent=99851"}],"wp:term":[{"taxonomy":"category","embeddable":true,"href":"https:\/\/www.europesays.com\/pt\/wp-json\/wp\/v2\/categories?post=99851"},{"taxonomy":"post_tag","embeddable":true,"href":"https:\/\/www.europesays.com\/pt\/wp-json\/wp\/v2\/tags?post=99851"}],"curies":[{"name":"wp","href":"https:\/\/api.w.org\/{rel}","templated":true}]}}