{"id":99855,"date":"2025-10-06T17:12:08","date_gmt":"2025-10-06T17:12:08","guid":{"rendered":"https:\/\/www.europesays.com\/pt\/99855\/"},"modified":"2025-10-06T17:12:08","modified_gmt":"2025-10-06T17:12:08","slug":"bebe-com-suspeita-de-sarampo-morre-em-marilia-sp-06-10-2025-equilibrio-e-saude","status":"publish","type":"post","link":"https:\/\/www.europesays.com\/pt\/99855\/","title":{"rendered":"Beb\u00ea com suspeita de sarampo morre em Mar\u00edlia (SP) &#8211; 06\/10\/2025 &#8211; Equil\u00edbrio e Sa\u00fade"},"content":{"rendered":"<p>A Secretaria Municipal da Sa\u00fade de Mar\u00edlia, no interior de S\u00e3o Paulo, investiga a morte de uma beb\u00ea, de cerca de um ano, por suspeita de <a href=\"https:\/\/www1.folha.uol.com.br\/equilibrioesaude\/2025\/03\/rio-de-janeiro-confirma-mais-dois-casos-de-sarampo.shtml\" rel=\"nofollow noopener\" target=\"\">sarampo<\/a>. A possibilidade de o \u00f3bito ter sido causado por arboviroses ou <a href=\"https:\/\/www1.folha.uol.com.br\/equilibrioesaude\/2025\/06\/bebes-de-1-ano-terao-reforco-contra-meningite-com-vacina-mais-completa.shtml\" rel=\"nofollow noopener\" target=\"\">meningite<\/a> tamb\u00e9m n\u00e3o \u00e9 descartada. No total, o munic\u00edpio investiga 40 casos por suspeita de <a href=\"https:\/\/www1.folha.uol.com.br\/equilibrioesaude\/2025\/04\/o-que-voce-precisa-saber-sobre-o-aumento-dos-casos-de-sarampo-nos-eua.shtml\" rel=\"nofollow noopener\" target=\"\">sarampo<\/a>.<\/p>\n<p>Em nota, a Prefeitura de Mar\u00edlia afirmou que todas as unidades de sa\u00fade est\u00e3o abastecidas e prontas para atender a popula\u00e7\u00e3o. A cobertura vacinal atual \u00e9 de 86,7% para a primeira dose (<a href=\"https:\/\/www1.folha.uol.com.br\/equilibrioesaude\/2023\/08\/cidades-mais-pobres-tem-maior-queda-de-vacinacao-contra-sarampo-caxumba-e-rubeola.shtml\" rel=\"nofollow noopener\" target=\"_blank\">sarampo, caxumba e rub\u00e9ola<\/a>) e 73,48% para a segunda (tetraviral, que inclui varicela). A meta almejada \u00e9 de 95%.<\/p>\n<p>A Secretaria da Educa\u00e7\u00e3o de Mar\u00edlia disse que suspendeu as aulas nesta segunda-feira (6) na sala onde o beb\u00ea que morreu estudava. O objetivo \u00e9 prevenir os demais colegas de classe. As atividades retornar\u00e3o na ter\u00e7a-feira (7). O restante da escola funciona normalmente.<\/p>\n<p>Em abril deste ano, o estado de S\u00e3o Paulo registrou o primeiro e \u00fanico <a href=\"https:\/\/www1.folha.uol.com.br\/equilibrioesaude\/2025\/04\/sao-paulo-registra-1o-caso-de-sarampo-de-2025.shtml\" rel=\"nofollow noopener\" target=\"_blank\">caso de sarampo de 2025<\/a>. O paciente \u00e9 um homem de 31 anos que mora na capital paulista. Ele n\u00e3o precisou ser internado.<\/p>\n<p>Em novembro de 2024, a <a href=\"https:\/\/www1.folha.uol.com.br\/equilibrioesaude\/2024\/11\/brasil-recupera-certificado-pela-erradicacao-do-sarampo.shtml\" rel=\"nofollow noopener\" target=\"_blank\">Opas (Organiza\u00e7\u00e3o Pan-Americana da Sa\u00fade) recertificou<\/a> o Brasil como pa\u00eds livre da circula\u00e7\u00e3o dos v\u00edrus de sarampo, rub\u00e9ola e S\u00edndrome da Rub\u00e9ola Cong\u00eanita.<\/p>\n<p>O primeiro certificado por <a href=\"https:\/\/www1.folha.uol.com.br\/equilibrioesaude\/2024\/11\/brasil-recupera-certificado-pela-erradicacao-do-sarampo.shtml\" rel=\"nofollow noopener\" target=\"\">erradica\u00e7\u00e3o do sarampo<\/a> recebido pelo pa\u00eds foi entregue em 2016, mas perdido em 2018 ap\u00f3s fatores como fluxo migrat\u00f3rio de pa\u00edses vizinhos, reintrodu\u00e7\u00e3o do v\u00edrus no Brasil e novos surtos da doen\u00e7a. No per\u00edodo, foram registrados 39.779 casos.<\/p>\n<p>Em 2025, at\u00e9 o momento, o Brasil tem 29 casos confirmados de sarampo. Tocantins concentra a maioria deles (23).<\/p>\n<p>O sarampo \u00e9 uma doen\u00e7a viral contagiosa, transmitida pelo ar, atrav\u00e9s da fala, tosse ou espirros. Uma pessoa infectada pode transmitir para at\u00e9 18 pessoas que n\u00e3o estejam vacinadas. Os principais sintomas s\u00e3o febre alta, <a href=\"https:\/\/www1.folha.uol.com.br\/equilibrioesaude\/2023\/06\/casal-de-sp-morre-apos-ter-febre-dor-e-manchas-vermelhas-pelo-corpo.shtml\" rel=\"nofollow noopener\" target=\"\">manchas vermelhas pelo corpo<\/a>, tosse, coriza e conjuntivite.<\/p>\n<p>Vacina \u00e9 principal forma de preven\u00e7\u00e3o<\/p>\n<p>O esquema vacinal recomendado pelo <a href=\"https:\/\/www1.folha.uol.com.br\/folha-topicos\/ministerio-da-saude\/\" rel=\"nofollow noopener\" target=\"\">Minist\u00e9rio da Sa\u00fade<\/a> prev\u00ea duas doses: a primeira aos 12 meses de idade, com a vacina tr\u00edplice viral, e a segunda aos 15 meses, com a tetraviral. A cobertura almejada \u00e9 de pelo menos 95% da popula\u00e7\u00e3o.<\/p>\n<p>Pessoas de 1 a 29 anos devem ter duas doses da tr\u00edplice viral, enquanto adultos de 30 a 59 anos devem ter pelo menos uma. Profissionais de sa\u00fade precisam comprovar duas doses independentemente da idade. Em situa\u00e7\u00f5es de surto, crian\u00e7as de 6 a 11 meses podem receber a dose zero.<\/p>\n<p>Em <a href=\"https:\/\/www1.folha.uol.com.br\/folha-topicos\/sao-paulo\/\" rel=\"nofollow noopener\" target=\"\">S\u00e3o Paulo<\/a>, as vacinas est\u00e3o dispon\u00edveis nas UBSs (unidades b\u00e1sicas de sa\u00fade) de segunda a sexta-feira, das 7h \u00e0s 19h. Aos s\u00e1bados, a vacina\u00e7\u00e3o ocorre nas unidades de Assist\u00eancia M\u00e9dica Ambulatorial integradas \u00e0s UBSs, no mesmo hor\u00e1rio.<\/p>\n","protected":false},"excerpt":{"rendered":"A Secretaria Municipal da Sa\u00fade de Mar\u00edlia, no interior de S\u00e3o Paulo, investiga a morte de uma beb\u00ea,&hellip;\n","protected":false},"author":2,"featured_media":99856,"comment_status":"","ping_status":"","sticky":false,"template":"","format":"standard","meta":{"footnotes":""},"categories":[86],"tags":[2557,1029,236,116,19367,32,33,3802,1670,117,896,1893],"class_list":{"0":"post-99855","1":"post","2":"type-post","3":"status-publish","4":"format-standard","5":"has-post-thumbnail","7":"category-saude","8":"tag-bebe","9":"tag-cuide-se","10":"tag-folha","11":"tag-health","12":"tag-interior-de-sao-paulo","13":"tag-portugal","14":"tag-pt","15":"tag-sao-paulo-estado","16":"tag-sarampo","17":"tag-saude","18":"tag-saude-publica","19":"tag-virus"},"share_on_mastodon":{"url":"","error":""},"_links":{"self":[{"href":"https:\/\/www.europesays.com\/pt\/wp-json\/wp\/v2\/posts\/99855","targetHints":{"allow":["GET"]}}],"collection":[{"href":"https:\/\/www.europesays.com\/pt\/wp-json\/wp\/v2\/posts"}],"about":[{"href":"https:\/\/www.europesays.com\/pt\/wp-json\/wp\/v2\/types\/post"}],"author":[{"embeddable":true,"href":"https:\/\/www.europesays.com\/pt\/wp-json\/wp\/v2\/users\/2"}],"replies":[{"embeddable":true,"href":"https:\/\/www.europesays.com\/pt\/wp-json\/wp\/v2\/comments?post=99855"}],"version-history":[{"count":0,"href":"https:\/\/www.europesays.com\/pt\/wp-json\/wp\/v2\/posts\/99855\/revisions"}],"wp:featuredmedia":[{"embeddable":true,"href":"https:\/\/www.europesays.com\/pt\/wp-json\/wp\/v2\/media\/99856"}],"wp:attachment":[{"href":"https:\/\/www.europesays.com\/pt\/wp-json\/wp\/v2\/media?parent=99855"}],"wp:term":[{"taxonomy":"category","embeddable":true,"href":"https:\/\/www.europesays.com\/pt\/wp-json\/wp\/v2\/categories?post=99855"},{"taxonomy":"post_tag","embeddable":true,"href":"https:\/\/www.europesays.com\/pt\/wp-json\/wp\/v2\/tags?post=99855"}],"curies":[{"name":"wp","href":"https:\/\/api.w.org\/{rel}","templated":true}]}}