{"id":99881,"date":"2025-10-06T17:31:13","date_gmt":"2025-10-06T17:31:13","guid":{"rendered":"https:\/\/www.europesays.com\/pt\/99881\/"},"modified":"2025-10-06T17:31:13","modified_gmt":"2025-10-06T17:31:13","slug":"bebe-bate-com-cabeca-no-chao-ao-nascer-nas-urgencias-observador","status":"publish","type":"post","link":"https:\/\/www.europesays.com\/pt\/99881\/","title":{"rendered":"Beb\u00e9 bate com cabe\u00e7a no ch\u00e3o ao nascer nas urg\u00eancias \u2013 Observador"},"content":{"rendered":"<p>Um beb\u00e9 nasceu no ch\u00e3o da rece\u00e7\u00e3o das urg\u00eancias do Hospital Santos Silva, em Gaia, no passado s\u00e1bado. Segundo o pai do menino, a crian\u00e7a bateu com a cabe\u00e7a no ch\u00e3o, durante o momento da expuls\u00e3o.<\/p>\n<p><a href=\"https:\/\/www.rtp.pt\/noticias\/pais\/bebe-nasceu-no-chao-da-rececao-das-urgencias-do-hospital-santos-silva_v1688813\" target=\"_blank\" rel=\"noopener nofollow\">\u00c0 RTP<\/a>, o pai do rec\u00e9m-nascido relata que se dirigiu \u00e0s urg\u00eancias com a mulher duas horas antes do momento do nascimento, avisando que era o terceiro filho, que a gr\u00e1vida costumava ter partos r\u00e1pidos. Por\u00e9m, foi pedido ao casal que regressasse a casa, apesar de os pais insistirem com a equipa das urg\u00eancias de que a crian\u00e7a nasceria em breve.<\/p>\n<p>O pai do beb\u00e9 diz \u00e0 RTP que pediram para que a mulher recebesse assist\u00eancia. Quando regressaram \u00e0s urg\u00eancias, j\u00e1 com contra\u00e7\u00f5es de quatro em quatro minutos, a mulher j\u00e1 estava em trabalho de parto.<\/p>\n<p>\u201cPedimos uma maca\u201d, explica o pai da crian\u00e7a, que voltou a avisar que o beb\u00e9 iria nascer. Diz que pediram v\u00e1rias vezes assist\u00eancia m\u00e9dica, em v\u00e3o, responderam-lhes que iriam buscar uma cadeira de rodas. O parto acabou por acontecer ainda na rece\u00e7\u00e3o, com os pais a gritarem que \u201cestava coroando\u201d (momento em que a parte mais larga da cabe\u00e7a do beb\u00e9 come\u00e7a a surgir, sendo vis\u00edvel).<\/p>\n<p>A fase da expuls\u00e3o ocorreu mesmo e o beb\u00e9 bateu com a cabe\u00e7a, contou o pai que diz que segurou imediatamente no filho para ver se chorava, o que aconteceu. O rec\u00e9m-nascido e a m\u00e3e foram finalmente colocados numa maca e o beb\u00e9 levado para os cuidados intensivos. Submetida a exames, incluindo dois TAC. A crian\u00e7a est\u00e1 bem, mas os exames dever\u00e3o ser repetidos.<\/p>\n<p>\u00c0 RTP, o pai denuncia uma viola\u00e7\u00e3o de protocolo de assist\u00eancia e \u00e9tica m\u00e9dica. J\u00e1 apresentou queixa ao Hospital Santos Silva, \u00e0 Inspe\u00e7\u00e3o-Geral das Atividades em Sa\u00fade (IGAS) e \u00e0 Ordem dos M\u00e9dicos. O hospital ainda n\u00e3o prestou esclarecimentos sobre o sucedido.<\/p>\n","protected":false},"excerpt":{"rendered":"Um beb\u00e9 nasceu no ch\u00e3o da rece\u00e7\u00e3o das urg\u00eancias do Hospital Santos Silva, em Gaia, no passado s\u00e1bado.&hellip;\n","protected":false},"author":2,"featured_media":99882,"comment_status":"","ping_status":"","sticky":false,"template":"","format":"standard","meta":{"footnotes":""},"categories":[10],"tags":[27,28,15,16,14,2648,25,26,21,22,12,13,19,20,32,23,24,33,2946,17,18,29,30,31,24411],"class_list":{"0":"post-99881","1":"post","2":"type-post","3":"status-publish","4":"format-standard","5":"has-post-thumbnail","7":"category-portugal","8":"tag-breaking-news","9":"tag-breakingnews","10":"tag-featured-news","11":"tag-featurednews","12":"tag-headlines","13":"tag-hospitais","14":"tag-latest-news","15":"tag-latestnews","16":"tag-main-news","17":"tag-mainnews","18":"tag-news","19":"tag-noticias","20":"tag-noticias-principais","21":"tag-noticiasprincipais","22":"tag-portugal","23":"tag-principais-noticias","24":"tag-principaisnoticias","25":"tag-pt","26":"tag-sau00fade","27":"tag-top-stories","28":"tag-topstories","29":"tag-ultimas","30":"tag-ultimas-noticias","31":"tag-ultimasnoticias","32":"tag-urgu00eancias"},"share_on_mastodon":{"url":"","error":""},"_links":{"self":[{"href":"https:\/\/www.europesays.com\/pt\/wp-json\/wp\/v2\/posts\/99881","targetHints":{"allow":["GET"]}}],"collection":[{"href":"https:\/\/www.europesays.com\/pt\/wp-json\/wp\/v2\/posts"}],"about":[{"href":"https:\/\/www.europesays.com\/pt\/wp-json\/wp\/v2\/types\/post"}],"author":[{"embeddable":true,"href":"https:\/\/www.europesays.com\/pt\/wp-json\/wp\/v2\/users\/2"}],"replies":[{"embeddable":true,"href":"https:\/\/www.europesays.com\/pt\/wp-json\/wp\/v2\/comments?post=99881"}],"version-history":[{"count":0,"href":"https:\/\/www.europesays.com\/pt\/wp-json\/wp\/v2\/posts\/99881\/revisions"}],"wp:featuredmedia":[{"embeddable":true,"href":"https:\/\/www.europesays.com\/pt\/wp-json\/wp\/v2\/media\/99882"}],"wp:attachment":[{"href":"https:\/\/www.europesays.com\/pt\/wp-json\/wp\/v2\/media?parent=99881"}],"wp:term":[{"taxonomy":"category","embeddable":true,"href":"https:\/\/www.europesays.com\/pt\/wp-json\/wp\/v2\/categories?post=99881"},{"taxonomy":"post_tag","embeddable":true,"href":"https:\/\/www.europesays.com\/pt\/wp-json\/wp\/v2\/tags?post=99881"}],"curies":[{"name":"wp","href":"https:\/\/api.w.org\/{rel}","templated":true}]}}