{"id":99885,"date":"2025-10-06T17:35:18","date_gmt":"2025-10-06T17:35:18","guid":{"rendered":"https:\/\/www.europesays.com\/pt\/99885\/"},"modified":"2025-10-06T17:35:18","modified_gmt":"2025-10-06T17:35:18","slug":"livro-destaca-impacto-da-pos-graduacao-brasileira-na-agenda-2030-capes","status":"publish","type":"post","link":"https:\/\/www.europesays.com\/pt\/99885\/","title":{"rendered":"Livro destaca impacto da p\u00f3s-gradua\u00e7\u00e3o brasileira na Agenda 2030 \u2014 CAPES"},"content":{"rendered":"<dl style=\"width:290px;\" class=\"image-left captioned caption-center\">\n<dt><a rel=\"lightbox nofollow noopener\" href=\"https:\/\/www.gov.br\/capes\/pt-br\/media\/imagem_dentro\/Imagemlivro.png\" target=\"_blank\"><img loading=\"lazy\" decoding=\"async\" src=\"https:\/\/www.europesays.com\/pt\/wp-content\/uploads\/2025\/10\/74fe953f-3e8b-4804-9264-2fddeb499f33.png\" alt=\"Imagem: Capa do livro (Divulga\u00e7\u00e3o)\" height=\"370\" width=\"290\"\/><\/a><\/dt>\n<dd class=\"image-caption\" style=\"width:290px;\">Imagem: Capa do livro (Divulga\u00e7\u00e3o)<\/dd>\n<\/dl>\n<p>A CAPES\/MEC lan\u00e7ar\u00e1, \u00e0s 16h de quarta-feira, 8 de outubro, o livro Impacto da P\u00f3s-Gradua\u00e7\u00e3o Brasileira na Agenda 2030: Contribui\u00e7\u00e3o\u00a0do Sistema Nacional de P\u00f3s-Gradua\u00e7\u00e3o\u00a0para a COP 30 na Amaz\u00f4nia. A cerim\u00f4nia ser\u00e1 realizada no Audit\u00f3rio An\u00edsio Teixeira, na sede da Coordena\u00e7\u00e3o, em Bras\u00edlia.<\/p>\n<p>Antes do lan\u00e7amento, haver\u00e1 um espa\u00e7o para debates. Com abertura \u00e0s 14h30, o painel \u201cContribui\u00e7\u00e3o das universidades e dos programas de p\u00f3s-gradua\u00e7\u00e3o para o alcance dos Objetivos de Desenvolvimento Sustent\u00e1vel (ODS)\u201d discutir\u00e1 a tem\u00e1tica da obra.<\/p>\n<p>A publica\u00e7\u00e3o, que mapeia 700 mil disserta\u00e7\u00f5es e teses, destaca projetos e a\u00e7\u00f5es relacionados aos Objetivos de Desenvolvimento Sustent\u00e1vel (ODS) da Organiza\u00e7\u00e3o das Na\u00e7\u00f5es Unidas (ONU) nas nove grandes \u00e1reas do conhecimento, englobando atividades de pesquisa, inova\u00e7\u00e3o, ensino e extens\u00e3o. Tra\u00e7a, ainda, um hist\u00f3rico do Sistema Nacional de P\u00f3s-Gradua\u00e7\u00e3o (SNPG) e dos sete Planos Nacionais de P\u00f3s-Gradua\u00e7\u00e3o (PNPG).<\/p>\n<p>O livro \u00e9 uma forma de contribui\u00e7\u00e3o para a 30\u00aa Confer\u00eancia das Na\u00e7\u00f5es Unidas sobre as Mudan\u00e7as Clim\u00e1ticas (COP 30), a ser realizada em Bel\u00e9m (PA) entre 10 e 21 de novembro. A publica\u00e7\u00e3o d\u00e1 continuidade aos debates de outra obra da CAPES\/MEC, a Contribui\u00e7\u00e3o da P\u00f3s-Gradua\u00e7\u00e3o Brasileira para o Desenvolvimento Sustent\u00e1vel: CAPES na Rio+20, lan\u00e7ada em 2012.<\/p>\n<p><b>Servi\u00e7o<\/b><br \/>Lan\u00e7amento do livro Impacto da P\u00f3s-Gradua\u00e7\u00e3o Brasileira na Agenda 2030:\u00a0Contribui\u00e7\u00e3o\u00a0do Sistema Nacional de P\u00f3s-Gradua\u00e7\u00e3o\u00a0para a COP 30 na Amaz\u00f4nia<br \/><b>Local<\/b>: Audit\u00f3rio An\u00edsio Teixeira, no andar -1 da sede da CAPES\/MEC, em Bras\u00edlia<br \/><b>Hor\u00e1rio<\/b>: painel de discuss\u00e3o \u00e0s 14h30 e lan\u00e7amento da obra a partir das 16h.<\/p>\n<p>A Coordena\u00e7\u00e3o de Aperfei\u00e7oamento de Pessoal de N\u00edvel Superior (CAPES) \u00e9 um \u00f3rg\u00e3o vinculado ao Minist\u00e9rio da Educa\u00e7\u00e3o (MEC).<br \/>(Bras\u00edlia \u2013 Reda\u00e7\u00e3o CGCOM\/CAPES)<br \/>A reprodu\u00e7\u00e3o das not\u00edcias \u00e9 autorizada desde que contenha a assinatura CGCOM\/CAPES<\/p>\n","protected":false},"excerpt":{"rendered":"Imagem: Capa do livro (Divulga\u00e7\u00e3o) A CAPES\/MEC lan\u00e7ar\u00e1, \u00e0s 16h de quarta-feira, 8 de outubro, o livro Impacto&hellip;\n","protected":false},"author":2,"featured_media":17218,"comment_status":"","ping_status":"","sticky":false,"template":"","format":"standard","meta":{"footnotes":""},"categories":[143],"tags":[169,114,115,170,32,33],"class_list":{"0":"post-99885","1":"post","2":"type-post","3":"status-publish","4":"format-standard","5":"has-post-thumbnail","7":"category-livros","8":"tag-books","9":"tag-entertainment","10":"tag-entretenimento","11":"tag-livros","12":"tag-portugal","13":"tag-pt"},"share_on_mastodon":{"url":"","error":""},"_links":{"self":[{"href":"https:\/\/www.europesays.com\/pt\/wp-json\/wp\/v2\/posts\/99885","targetHints":{"allow":["GET"]}}],"collection":[{"href":"https:\/\/www.europesays.com\/pt\/wp-json\/wp\/v2\/posts"}],"about":[{"href":"https:\/\/www.europesays.com\/pt\/wp-json\/wp\/v2\/types\/post"}],"author":[{"embeddable":true,"href":"https:\/\/www.europesays.com\/pt\/wp-json\/wp\/v2\/users\/2"}],"replies":[{"embeddable":true,"href":"https:\/\/www.europesays.com\/pt\/wp-json\/wp\/v2\/comments?post=99885"}],"version-history":[{"count":0,"href":"https:\/\/www.europesays.com\/pt\/wp-json\/wp\/v2\/posts\/99885\/revisions"}],"wp:featuredmedia":[{"embeddable":true,"href":"https:\/\/www.europesays.com\/pt\/wp-json\/wp\/v2\/media\/17218"}],"wp:attachment":[{"href":"https:\/\/www.europesays.com\/pt\/wp-json\/wp\/v2\/media?parent=99885"}],"wp:term":[{"taxonomy":"category","embeddable":true,"href":"https:\/\/www.europesays.com\/pt\/wp-json\/wp\/v2\/categories?post=99885"},{"taxonomy":"post_tag","embeddable":true,"href":"https:\/\/www.europesays.com\/pt\/wp-json\/wp\/v2\/tags?post=99885"}],"curies":[{"name":"wp","href":"https:\/\/api.w.org\/{rel}","templated":true}]}}