{"id":99953,"date":"2025-10-06T18:34:09","date_gmt":"2025-10-06T18:34:09","guid":{"rendered":"https:\/\/www.europesays.com\/pt\/99953\/"},"modified":"2025-10-06T18:34:09","modified_gmt":"2025-10-06T18:34:09","slug":"daab-promove-lancamento-de-livro-sobre-resistencia-estudantil-durante-a-ditadura-militar","status":"publish","type":"post","link":"https:\/\/www.europesays.com\/pt\/99953\/","title":{"rendered":"DAAB promove lan\u00e7amento de livro sobre resist\u00eancia estudantil durante a ditadura militar"},"content":{"rendered":"<p>&#13;<br \/>\n&#13;<br \/>\n\t\t\t\t\t\t\t&#13;<br \/>\n&#13;<br \/>\n&#13;<\/p>\n<p>O Diret\u00f3rio Acad\u00eamico Alfredo Balena (DAAB) convida a comunidade universit\u00e1ria para o lan\u00e7amento do livro<strong> \u201cSe baterem, cantem! Estudantes desafiam a ditadura\u201d<\/strong>, que acontecer\u00e1 no dia 11 de outubro de 2025, das 16h \u00e0s 19h, na sede do diret\u00f3rio.<\/p>\n<p>A obra, organizada por C\u00e2ndida Lemos, com autoria de \u00c2ngela Drummond, Izabel Zoglio, Samira Zaidan e Virginia Castro, resgata o hist\u00f3rico III Encontro Nacional dos Estudantes (ENE), realizado em 1977 no pr\u00f3prio DAAB, durante o regime militar. Naquele epis\u00f3dio, cerca de 400 estudantes foram retirados \u00e0 for\u00e7a e presos por militares enquanto lutavam pela reestrutura\u00e7\u00e3o da UNE, extinta desde 1964.<\/p>\n<p>O lan\u00e7amento \u00e9 uma oportunidade de revisitar, com rigor hist\u00f3rico e sensibilidade, um dos cap\u00edtulos mais marcantes da resist\u00eancia estudantil brasileira.<\/p>\n<p>Ser\u00e3o distribu\u00eddos 200 exemplares gratuitos, e haver\u00e1 tamb\u00e9m exemplares dispon\u00edveis para venda.<\/p>\n<p><a href=\"https:\/\/www.europesays.com\/pt\/wp-content\/uploads\/2025\/10\/1759775649_813_Capturar-1.png\"><img fetchpriority=\"high\" decoding=\"async\" width=\"483\" height=\"602\" src=\"https:\/\/www.europesays.com\/pt\/wp-content\/uploads\/2025\/10\/1759775649_813_Capturar-1.png\" alt=\"\" class=\"wp-image-114531\"  \/><\/a>Imagem: divulga\u00e7\u00e3o&#13;<br \/>\n\t\t\t\t\t\t\t&#13;<br \/>\n&#13;<\/p>\n","protected":false},"excerpt":{"rendered":"&#13; &#13; &#13; &#13; &#13; O Diret\u00f3rio Acad\u00eamico Alfredo Balena (DAAB) convida a comunidade universit\u00e1ria para o lan\u00e7amento&hellip;\n","protected":false},"author":2,"featured_media":99954,"comment_status":"","ping_status":"","sticky":false,"template":"","format":"standard","meta":{"footnotes":""},"categories":[143],"tags":[169,114,115,170,32,33],"class_list":{"0":"post-99953","1":"post","2":"type-post","3":"status-publish","4":"format-standard","5":"has-post-thumbnail","7":"category-livros","8":"tag-books","9":"tag-entertainment","10":"tag-entretenimento","11":"tag-livros","12":"tag-portugal","13":"tag-pt"},"share_on_mastodon":{"url":"","error":""},"_links":{"self":[{"href":"https:\/\/www.europesays.com\/pt\/wp-json\/wp\/v2\/posts\/99953","targetHints":{"allow":["GET"]}}],"collection":[{"href":"https:\/\/www.europesays.com\/pt\/wp-json\/wp\/v2\/posts"}],"about":[{"href":"https:\/\/www.europesays.com\/pt\/wp-json\/wp\/v2\/types\/post"}],"author":[{"embeddable":true,"href":"https:\/\/www.europesays.com\/pt\/wp-json\/wp\/v2\/users\/2"}],"replies":[{"embeddable":true,"href":"https:\/\/www.europesays.com\/pt\/wp-json\/wp\/v2\/comments?post=99953"}],"version-history":[{"count":0,"href":"https:\/\/www.europesays.com\/pt\/wp-json\/wp\/v2\/posts\/99953\/revisions"}],"wp:featuredmedia":[{"embeddable":true,"href":"https:\/\/www.europesays.com\/pt\/wp-json\/wp\/v2\/media\/99954"}],"wp:attachment":[{"href":"https:\/\/www.europesays.com\/pt\/wp-json\/wp\/v2\/media?parent=99953"}],"wp:term":[{"taxonomy":"category","embeddable":true,"href":"https:\/\/www.europesays.com\/pt\/wp-json\/wp\/v2\/categories?post=99953"},{"taxonomy":"post_tag","embeddable":true,"href":"https:\/\/www.europesays.com\/pt\/wp-json\/wp\/v2\/tags?post=99953"}],"curies":[{"name":"wp","href":"https:\/\/api.w.org\/{rel}","templated":true}]}}