{"id":16625,"count":1,"description":"","link":"https:\/\/www.europesays.com\/pt\/tag\/organizacao-pan-americana-da-saude-opas\/","name":"Organiza\u00e7\u00e3o Pan-Americana da Sa\u00fade (OPAS)","slug":"organizacao-pan-americana-da-saude-opas","taxonomy":"post_tag","meta":[],"_links":{"self":[{"href":"https:\/\/www.europesays.com\/pt\/wp-json\/wp\/v2\/tags\/16625","targetHints":{"allow":["GET"]}}],"collection":[{"href":"https:\/\/www.europesays.com\/pt\/wp-json\/wp\/v2\/tags"}],"about":[{"href":"https:\/\/www.europesays.com\/pt\/wp-json\/wp\/v2\/taxonomies\/post_tag"}],"wp:post_type":[{"href":"https:\/\/www.europesays.com\/pt\/wp-json\/wp\/v2\/posts?tags=16625"}],"curies":[{"name":"wp","href":"https:\/\/api.w.org\/{rel}","templated":true}]}}