{"id":17859,"count":1,"description":"","link":"https:\/\/www.europesays.com\/pt\/tag\/prefeitura-de-manaus-apoia-evento-de-conscientizacao-sobre-o-mes-mundial-da-doenca-de-alzheimer\/","name":"Prefeitura de Manaus apoia evento de conscientiza\u00e7\u00e3o sobre o M\u00eas Mundial da Doen\u00e7a de Alzheimer","slug":"prefeitura-de-manaus-apoia-evento-de-conscientizacao-sobre-o-mes-mundial-da-doenca-de-alzheimer","taxonomy":"post_tag","meta":[],"_links":{"self":[{"href":"https:\/\/www.europesays.com\/pt\/wp-json\/wp\/v2\/tags\/17859","targetHints":{"allow":["GET"]}}],"collection":[{"href":"https:\/\/www.europesays.com\/pt\/wp-json\/wp\/v2\/tags"}],"about":[{"href":"https:\/\/www.europesays.com\/pt\/wp-json\/wp\/v2\/taxonomies\/post_tag"}],"wp:post_type":[{"href":"https:\/\/www.europesays.com\/pt\/wp-json\/wp\/v2\/posts?tags=17859"}],"curies":[{"name":"wp","href":"https:\/\/api.w.org\/{rel}","templated":true}]}}