{"id":19922,"count":33,"description":"","link":"https:\/\/www.europesays.com\/pt\/tag\/natacao-de-maringa\/","name":"nata\u00e7\u00e3o de maring\u00e1","slug":"natacao-de-maringa","taxonomy":"post_tag","meta":[],"_links":{"self":[{"href":"https:\/\/www.europesays.com\/pt\/wp-json\/wp\/v2\/tags\/19922","targetHints":{"allow":["GET"]}}],"collection":[{"href":"https:\/\/www.europesays.com\/pt\/wp-json\/wp\/v2\/tags"}],"about":[{"href":"https:\/\/www.europesays.com\/pt\/wp-json\/wp\/v2\/taxonomies\/post_tag"}],"wp:post_type":[{"href":"https:\/\/www.europesays.com\/pt\/wp-json\/wp\/v2\/posts?tags=19922"}],"curies":[{"name":"wp","href":"https:\/\/api.w.org\/{rel}","templated":true}]}}