{"id":21028,"count":1,"description":"","link":"https:\/\/www.europesays.com\/pt\/tag\/semana-de-conscientizacao-sobre-a-doenca-de-alzheimer\/","name":"semana de conscientiza\u00e7\u00e3o sobre a doen\u00e7a de alzheimer","slug":"semana-de-conscientizacao-sobre-a-doenca-de-alzheimer","taxonomy":"post_tag","meta":[],"_links":{"self":[{"href":"https:\/\/www.europesays.com\/pt\/wp-json\/wp\/v2\/tags\/21028","targetHints":{"allow":["GET"]}}],"collection":[{"href":"https:\/\/www.europesays.com\/pt\/wp-json\/wp\/v2\/tags"}],"about":[{"href":"https:\/\/www.europesays.com\/pt\/wp-json\/wp\/v2\/taxonomies\/post_tag"}],"wp:post_type":[{"href":"https:\/\/www.europesays.com\/pt\/wp-json\/wp\/v2\/posts?tags=21028"}],"curies":[{"name":"wp","href":"https:\/\/api.w.org\/{rel}","templated":true}]}}