{"id":28080,"count":1,"description":"","link":"https:\/\/www.europesays.com\/pt\/tag\/apos-derrotar-donald-trump-nas-eleicoes-de-2020-foi-vice-presidente-durante-o-governo-de-barack-obama\/","name":"ap\u00f3s derrotar donald trump nas elei\u00e7\u00f5es de 2020. foi vice-presidente durante o governo de barack obama","slug":"apos-derrotar-donald-trump-nas-eleicoes-de-2020-foi-vice-presidente-durante-o-governo-de-barack-obama","taxonomy":"post_tag","meta":[],"_links":{"self":[{"href":"https:\/\/www.europesays.com\/pt\/wp-json\/wp\/v2\/tags\/28080","targetHints":{"allow":["GET"]}}],"collection":[{"href":"https:\/\/www.europesays.com\/pt\/wp-json\/wp\/v2\/tags"}],"about":[{"href":"https:\/\/www.europesays.com\/pt\/wp-json\/wp\/v2\/taxonomies\/post_tag"}],"wp:post_type":[{"href":"https:\/\/www.europesays.com\/pt\/wp-json\/wp\/v2\/posts?tags=28080"}],"curies":[{"name":"wp","href":"https:\/\/api.w.org\/{rel}","templated":true}]}}