{"id":31044,"count":1,"description":"","link":"https:\/\/www.europesays.com\/pt\/tag\/comissao-nacional-de-promocao-dos-direitos-e-proteccao-das-criancas-e-jovens\/","name":"Comiss\u00e3o Nacional de Promo\u00e7\u00e3o dos Direitos e Protec\u00e7\u00e3o das Crian\u00e7as e Jovens","slug":"comissao-nacional-de-promocao-dos-direitos-e-proteccao-das-criancas-e-jovens","taxonomy":"post_tag","meta":[],"_links":{"self":[{"href":"https:\/\/www.europesays.com\/pt\/wp-json\/wp\/v2\/tags\/31044","targetHints":{"allow":["GET"]}}],"collection":[{"href":"https:\/\/www.europesays.com\/pt\/wp-json\/wp\/v2\/tags"}],"about":[{"href":"https:\/\/www.europesays.com\/pt\/wp-json\/wp\/v2\/taxonomies\/post_tag"}],"wp:post_type":[{"href":"https:\/\/www.europesays.com\/pt\/wp-json\/wp\/v2\/posts?tags=31044"}],"curies":[{"name":"wp","href":"https:\/\/api.w.org\/{rel}","templated":true}]}}