{"id":33367,"count":1,"description":"","link":"https:\/\/www.europesays.com\/pt\/tag\/laszlo-boloni\/","name":"L\u00e1szlo B\u00f6l\u00f6ni","slug":"laszlo-boloni","taxonomy":"post_tag","meta":[],"_links":{"self":[{"href":"https:\/\/www.europesays.com\/pt\/wp-json\/wp\/v2\/tags\/33367","targetHints":{"allow":["GET"]}}],"collection":[{"href":"https:\/\/www.europesays.com\/pt\/wp-json\/wp\/v2\/tags"}],"about":[{"href":"https:\/\/www.europesays.com\/pt\/wp-json\/wp\/v2\/taxonomies\/post_tag"}],"wp:post_type":[{"href":"https:\/\/www.europesays.com\/pt\/wp-json\/wp\/v2\/posts?tags=33367"}],"curies":[{"name":"wp","href":"https:\/\/api.w.org\/{rel}","templated":true}]}}